[{"@context":"https:\/\/schema.org\/","@type":"Blog","@id":"https:\/\/www.efcz.cz#Blog","headline":"Efcz","description":"\nNen\u00ed nic lep\u0161\u00edho, ne\u017e voln\u00e9 chv\u00edle, kter\u00e9 m\u016f\u017eete str\u00e1vit t\u0159eba \u010dten\u00edm. Pot\u011b\u0161te se tedy po\u0159\u00e1d p\u0159ipraven\u00fdm online magaz\u00ednem a jeho pestr\u00fdm obsahem.","url":"https:\/\/www.efcz.cz","hasPart":[{"@type":"Article","@id":"https:\/\/www.efcz.cz\/10-nejbohatsich-lidi-sveta\/","headline":"10 nejbohat\u0161\u00edch lid\u00ed sv\u011bta","url":"https:\/\/www.efcz.cz\/10-nejbohatsich-lidi-sveta\/","datePublished":"2026-02-12","dateModified":"2026-02-12","mainEntityOfPage":"https:\/\/www.efcz.cz\/10-nejbohatsich-lidi-sveta\/","author":{"@type":"Person","@id":"https:\/\/www.efcz.cz\/author\/#Person","name":"efcz.cz\n","url":"https:\/\/www.efcz.cz\/author\/","identifier":1,"image":{"@type":"ImageObject","@id":"https:\/\/secure.gravatar.com\/avatar\/1e120f96477763896a9e7ab3663c076bf8b67ca32fa1a5943b70761da502a7a7?s=96&d=mm&r=g","url":"https:\/\/secure.gravatar.com\/avatar\/1e120f96477763896a9e7ab3663c076bf8b67ca32fa1a5943b70761da502a7a7?s=96&d=mm&r=g","height":96,"width":96}},"publisher":{"@type":"Organization","name":"efcz.cz","logo":{"@type":"ImageObject","@id":"\/logo.png","url":"\/logo.png","width":600,"height":60}},"image":null,"wordCount":668,"keywords":null},{"@type":"Article","@id":"https:\/\/www.efcz.cz\/jak-netrpet-nedostatkem\/","headline":"Jak netrp\u011bt nedostatkem?","url":"https:\/\/www.efcz.cz\/jak-netrpet-nedostatkem\/","datePublished":"2025-09-01","dateModified":"2025-09-01","mainEntityOfPage":"https:\/\/www.efcz.cz\/jak-netrpet-nedostatkem\/","author":{"@type":"Person","@id":"https:\/\/www.efcz.cz\/author\/#Person","name":"efcz.cz\n","url":"https:\/\/www.efcz.cz\/author\/","identifier":1,"image":{"@type":"ImageObject","@id":"https:\/\/secure.gravatar.com\/avatar\/1e120f96477763896a9e7ab3663c076bf8b67ca32fa1a5943b70761da502a7a7?s=96&d=mm&r=g","url":"https:\/\/secure.gravatar.com\/avatar\/1e120f96477763896a9e7ab3663c076bf8b67ca32fa1a5943b70761da502a7a7?s=96&d=mm&r=g","height":96,"width":96}},"publisher":{"@type":"Organization","name":"efcz.cz","logo":{"@type":"ImageObject","@id":"\/logo.png","url":"\/logo.png","width":600,"height":60}},"image":{"@type":"ImageObject","@id":"https:\/\/www.efcz.cz\/wp-content\/uploads\/pppppppppppppppppppppppppppppppppppppp_10_10_1.jpg","url":"https:\/\/www.efcz.cz\/wp-content\/uploads\/pppppppppppppppppppppppppppppppppppppp_10_10_1.jpg","height":0,"width":0},"wordCount":627,"keywords":null},{"@type":"Article","@id":"https:\/\/www.efcz.cz\/chiptuning-jako-nutnost\/","headline":"Chiptuning jako nutnost","url":"https:\/\/www.efcz.cz\/chiptuning-jako-nutnost\/","datePublished":"2025-08-19","dateModified":"2025-08-19","mainEntityOfPage":"https:\/\/www.efcz.cz\/chiptuning-jako-nutnost\/","author":{"@type":"Person","@id":"https:\/\/www.efcz.cz\/author\/#Person","name":"efcz.cz\n","url":"https:\/\/www.efcz.cz\/author\/","identifier":1,"image":{"@type":"ImageObject","@id":"https:\/\/secure.gravatar.com\/avatar\/1e120f96477763896a9e7ab3663c076bf8b67ca32fa1a5943b70761da502a7a7?s=96&d=mm&r=g","url":"https:\/\/secure.gravatar.com\/avatar\/1e120f96477763896a9e7ab3663c076bf8b67ca32fa1a5943b70761da502a7a7?s=96&d=mm&r=g","height":96,"width":96}},"publisher":{"@type":"Organization","name":"efcz.cz","logo":{"@type":"ImageObject","@id":"\/logo.png","url":"\/logo.png","width":600,"height":60}},"image":{"@type":"ImageObject","@id":"https:\/\/www.efcz.cz\/wp-content\/uploads\/auto-4798121_640.jpg","url":"https:\/\/www.efcz.cz\/wp-content\/uploads\/auto-4798121_640.jpg","height":0,"width":0},"wordCount":573,"keywords":null},{"@type":"Article","@id":"https:\/\/www.efcz.cz\/chytra-energie-pro-chytre-lidi-greencloud-cz\/","headline":"Chytr\u00e1 energie pro chytr\u00e9 lidi \u2013 GreenCloud.cz","url":"https:\/\/www.efcz.cz\/chytra-energie-pro-chytre-lidi-greencloud-cz\/","datePublished":"2025-08-09","dateModified":"2025-08-09","mainEntityOfPage":"https:\/\/www.efcz.cz\/chytra-energie-pro-chytre-lidi-greencloud-cz\/","author":{"@type":"Person","@id":"https:\/\/www.efcz.cz\/author\/#Person","name":"efcz.cz\n","url":"https:\/\/www.efcz.cz\/author\/","identifier":1,"image":{"@type":"ImageObject","@id":"https:\/\/secure.gravatar.com\/avatar\/1e120f96477763896a9e7ab3663c076bf8b67ca32fa1a5943b70761da502a7a7?s=96&d=mm&r=g","url":"https:\/\/secure.gravatar.com\/avatar\/1e120f96477763896a9e7ab3663c076bf8b67ca32fa1a5943b70761da502a7a7?s=96&d=mm&r=g","height":96,"width":96}},"publisher":{"@type":"Organization","name":"efcz.cz","logo":{"@type":"ImageObject","@id":"\/logo.png","url":"\/logo.png","width":600,"height":60}},"image":{"@type":"ImageObject","@id":"https:\/\/www.efcz.cz\/wp-content\/uploads\/energie_AwyNF5.png","url":"https:\/\/www.efcz.cz\/wp-content\/uploads\/energie_AwyNF5.png","height":0,"width":0},"wordCount":556,"keywords":null},{"@type":"Article","@id":"https:\/\/www.efcz.cz\/tvrdost-vody\/","headline":"Tvrdost vody","url":"https:\/\/www.efcz.cz\/tvrdost-vody\/","datePublished":"2025-07-04","dateModified":"2025-07-04","mainEntityOfPage":"https:\/\/www.efcz.cz\/tvrdost-vody\/","author":{"@type":"Person","@id":"https:\/\/www.efcz.cz\/author\/#Person","name":"efcz.cz\n","url":"https:\/\/www.efcz.cz\/author\/","identifier":1,"image":{"@type":"ImageObject","@id":"https:\/\/secure.gravatar.com\/avatar\/1e120f96477763896a9e7ab3663c076bf8b67ca32fa1a5943b70761da502a7a7?s=96&d=mm&r=g","url":"https:\/\/secure.gravatar.com\/avatar\/1e120f96477763896a9e7ab3663c076bf8b67ca32fa1a5943b70761da502a7a7?s=96&d=mm&r=g","height":96,"width":96}},"publisher":{"@type":"Organization","name":"efcz.cz","logo":{"@type":"ImageObject","@id":"\/logo.png","url":"\/logo.png","width":600,"height":60}},"image":{"@type":"ImageObject","@id":"https:\/\/www.efcz.cz\/wp-content\/uploads\/swimming-pool-111708_640_6.jpg","url":"https:\/\/www.efcz.cz\/wp-content\/uploads\/swimming-pool-111708_640_6.jpg","height":0,"width":0},"wordCount":564,"keywords":null},{"@type":"Article","@id":"https:\/\/www.efcz.cz\/propagujeme-bazarovy-prodej-na-internetu\/","headline":"Propagujeme bazarov\u00fd prodej na Internetu","url":"https:\/\/www.efcz.cz\/propagujeme-bazarovy-prodej-na-internetu\/","datePublished":"2025-07-01","dateModified":"2025-07-01","mainEntityOfPage":"https:\/\/www.efcz.cz\/propagujeme-bazarovy-prodej-na-internetu\/","author":{"@type":"Person","@id":"https:\/\/www.efcz.cz\/author\/#Person","name":"efcz.cz\n","url":"https:\/\/www.efcz.cz\/author\/","identifier":1,"image":{"@type":"ImageObject","@id":"https:\/\/secure.gravatar.com\/avatar\/1e120f96477763896a9e7ab3663c076bf8b67ca32fa1a5943b70761da502a7a7?s=96&d=mm&r=g","url":"https:\/\/secure.gravatar.com\/avatar\/1e120f96477763896a9e7ab3663c076bf8b67ca32fa1a5943b70761da502a7a7?s=96&d=mm&r=g","height":96,"width":96}},"publisher":{"@type":"Organization","name":"efcz.cz","logo":{"@type":"ImageObject","@id":"\/logo.png","url":"\/logo.png","width":600,"height":60}},"image":{"@type":"ImageObject","@id":"https:\/\/www.efcz.cz\/wp-content\/uploads\/seo-1210158_640_10_4.jpg","url":"https:\/\/www.efcz.cz\/wp-content\/uploads\/seo-1210158_640_10_4.jpg","height":0,"width":0},"wordCount":554,"keywords":null},{"@type":"Article","@id":"https:\/\/www.efcz.cz\/prijedte-do-beskyd\/","headline":"P\u0159ije\u010fte do Beskyd","url":"https:\/\/www.efcz.cz\/prijedte-do-beskyd\/","datePublished":"2025-06-13","dateModified":"2025-06-13","mainEntityOfPage":"https:\/\/www.efcz.cz\/prijedte-do-beskyd\/","author":{"@type":"Person","@id":"https:\/\/www.efcz.cz\/author\/#Person","name":"efcz.cz\n","url":"https:\/\/www.efcz.cz\/author\/","identifier":1,"image":{"@type":"ImageObject","@id":"https:\/\/secure.gravatar.com\/avatar\/1e120f96477763896a9e7ab3663c076bf8b67ca32fa1a5943b70761da502a7a7?s=96&d=mm&r=g","url":"https:\/\/secure.gravatar.com\/avatar\/1e120f96477763896a9e7ab3663c076bf8b67ca32fa1a5943b70761da502a7a7?s=96&d=mm&r=g","height":96,"width":96}},"publisher":{"@type":"Organization","name":"efcz.cz","logo":{"@type":"ImageObject","@id":"\/logo.png","url":"\/logo.png","width":600,"height":60}},"image":{"@type":"ImageObject","@id":"https:\/\/www.efcz.cz\/wp-content\/uploads\/country-3887888_640_5.jpg","url":"https:\/\/www.efcz.cz\/wp-content\/uploads\/country-3887888_640_5.jpg","height":0,"width":0},"wordCount":539,"keywords":null},{"@type":"Article","@id":"https:\/\/www.efcz.cz\/registrace-do-katalogu\/","headline":"Registrace do katalog\u016f","url":"https:\/\/www.efcz.cz\/registrace-do-katalogu\/","datePublished":"2025-04-24","dateModified":"2025-04-24","mainEntityOfPage":"https:\/\/www.efcz.cz\/registrace-do-katalogu\/","author":{"@type":"Person","@id":"https:\/\/www.efcz.cz\/author\/#Person","name":"efcz.cz\n","url":"https:\/\/www.efcz.cz\/author\/","identifier":1,"image":{"@type":"ImageObject","@id":"https:\/\/secure.gravatar.com\/avatar\/1e120f96477763896a9e7ab3663c076bf8b67ca32fa1a5943b70761da502a7a7?s=96&d=mm&r=g","url":"https:\/\/secure.gravatar.com\/avatar\/1e120f96477763896a9e7ab3663c076bf8b67ca32fa1a5943b70761da502a7a7?s=96&d=mm&r=g","height":96,"width":96}},"publisher":{"@type":"Organization","name":"efcz.cz","logo":{"@type":"ImageObject","@id":"\/logo.png","url":"\/logo.png","width":600,"height":60}},"image":null,"wordCount":228,"keywords":null},{"@type":"Article","@id":"https:\/\/www.efcz.cz\/domov-v-intimnim-provedeni\/","headline":"Domov v\u00a0intimn\u00edm proveden\u00ed","url":"https:\/\/www.efcz.cz\/domov-v-intimnim-provedeni\/","datePublished":"2025-04-16","dateModified":"2025-04-16","mainEntityOfPage":"https:\/\/www.efcz.cz\/domov-v-intimnim-provedeni\/","author":{"@type":"Person","@id":"https:\/\/www.efcz.cz\/author\/#Person","name":"efcz.cz\n","url":"https:\/\/www.efcz.cz\/author\/","identifier":1,"image":{"@type":"ImageObject","@id":"https:\/\/secure.gravatar.com\/avatar\/1e120f96477763896a9e7ab3663c076bf8b67ca32fa1a5943b70761da502a7a7?s=96&d=mm&r=g","url":"https:\/\/secure.gravatar.com\/avatar\/1e120f96477763896a9e7ab3663c076bf8b67ca32fa1a5943b70761da502a7a7?s=96&d=mm&r=g","height":96,"width":96}},"publisher":{"@type":"Organization","name":"efcz.cz","logo":{"@type":"ImageObject","@id":"\/logo.png","url":"\/logo.png","width":600,"height":60}},"image":null,"wordCount":241,"keywords":null},{"@type":"Article","@id":"https:\/\/www.efcz.cz\/vymahani-pohledavek\/","headline":"Vym\u00e1h\u00e1n\u00ed pohled\u00e1vek","url":"https:\/\/www.efcz.cz\/vymahani-pohledavek\/","datePublished":"2025-04-08","dateModified":"2025-04-08","mainEntityOfPage":"https:\/\/www.efcz.cz\/vymahani-pohledavek\/","author":{"@type":"Person","@id":"https:\/\/www.efcz.cz\/author\/#Person","name":"efcz.cz\n","url":"https:\/\/www.efcz.cz\/author\/","identifier":1,"image":{"@type":"ImageObject","@id":"https:\/\/secure.gravatar.com\/avatar\/1e120f96477763896a9e7ab3663c076bf8b67ca32fa1a5943b70761da502a7a7?s=96&d=mm&r=g","url":"https:\/\/secure.gravatar.com\/avatar\/1e120f96477763896a9e7ab3663c076bf8b67ca32fa1a5943b70761da502a7a7?s=96&d=mm&r=g","height":96,"width":96}},"publisher":{"@type":"Organization","name":"efcz.cz","logo":{"@type":"ImageObject","@id":"\/logo.png","url":"\/logo.png","width":600,"height":60}},"image":null,"wordCount":224,"keywords":null}]},{"@context":"https:\/\/schema.org","@type":"WebSite","@id":"https:\/\/www.efcz.cz\/#website","name":"Efcz","url":"https:\/\/www.efcz.cz","potentialAction":{"@type":"SearchAction","target":"https:\/\/www.efcz.cz\/?s={search_term_string}","query-input":"required name=search_term_string"}}]