[{"@context":"https:\/\/schema.org\/","@type":"Article","@id":"https:\/\/www.efcz.cz\/abyste-nebyli-smutni\/#Article","mainEntityOfPage":"https:\/\/www.efcz.cz\/abyste-nebyli-smutni\/","headline":"Abyste nebyli smutn\u00ed","name":"Abyste nebyli smutn\u00ed","description":"Ka\u017ed\u00fd \u010dlov\u011bk pro\u017e\u00edv\u00e1 emoce jin\u00fdm zp\u016fsobem. N\u011bkdo to d\u00e1v\u00e1 najevo a\u017e moc, n\u011bkdo by si zase r\u00e1d nechal v\u0161e pro sebe. Pokud jde ale o z\u00e1bavu, neexistuje \u010dlov\u011bk, kter\u00fd by si r\u00e1d neu\u017e\u00edval. Jestli\u017ee jste takov\u00fdm \u010dlov\u011bkem i vy, m\u011bli byste se pod\u00edvat na to, co v\u0161e v\u00e1m skr\u00fdvaj\u00ed na\u0161e superhry. Pr\u00e1v\u011b to jsou b\u00e1je\u010dn\u00e9 mo\u017enosti pro to, jak se ka\u017ed\u00fd den nenudit, ba si ka\u017ed\u00fd den dop\u0159\u00e1t n\u011bco nov\u00e9ho, co v\u00e1s nadchne a co v\u00e1s bude bavit tak dlouho,&hellip;","datePublished":"2024-12-26","dateModified":"2024-12-26","author":{"@type":"Person","@id":"https:\/\/www.efcz.cz\/author\/#Person","name":"efcz.cz\n","url":"https:\/\/www.efcz.cz\/author\/","identifier":1,"image":{"@type":"ImageObject","@id":"https:\/\/secure.gravatar.com\/avatar\/1e120f96477763896a9e7ab3663c076bf8b67ca32fa1a5943b70761da502a7a7?s=96&d=mm&r=g","url":"https:\/\/secure.gravatar.com\/avatar\/1e120f96477763896a9e7ab3663c076bf8b67ca32fa1a5943b70761da502a7a7?s=96&d=mm&r=g","height":96,"width":96}},"publisher":{"@type":"Organization","name":"efcz.cz","logo":{"@type":"ImageObject","@id":"\/logo.png","url":"\/logo.png","width":600,"height":60}},"url":"https:\/\/www.efcz.cz\/abyste-nebyli-smutni\/","wordCount":193,"articleBody":"Ka\u017ed\u00fd \u010dlov\u011bk pro\u017e\u00edv\u00e1 emoce jin\u00fdm zp\u016fsobem. N\u011bkdo to d\u00e1v\u00e1 najevo a\u017e moc, n\u011bkdo by si zase r\u00e1d nechal v\u0161e pro sebe. Pokud jde ale o z\u00e1bavu, neexistuje \u010dlov\u011bk, kter\u00fd by si r\u00e1d neu\u017e\u00edval. Jestli\u017ee jste takov\u00fdm \u010dlov\u011bkem i vy, m\u011bli byste se pod\u00edvat na to, co v\u0161e v\u00e1m skr\u00fdvaj\u00ed na\u0161e superhry. Pr\u00e1v\u011b to jsou b\u00e1je\u010dn\u00e9 mo\u017enosti pro to, jak se ka\u017ed\u00fd den nenudit, ba si ka\u017ed\u00fd den dop\u0159\u00e1t n\u011bco nov\u00e9ho, co v\u00e1s nadchne a co v\u00e1s bude bavit tak dlouho, jak budete cht\u00edt. St\u0159\u00edle\u010dky, ale i sk\u00e1kac\u00ed U n\u00e1s naleznete v\u0161e, co byste pro svou z\u00e1bavu mohli cht\u00edt. Nebudou to jen oby\u010dejn\u00e9 z\u00e1le\u017eitosti, na kter\u00e9 jste zvykl\u00ed. My v\u00e1m dop\u0159ejeme tak\u00e9 n\u011bco nov\u00e9ho, co jste je\u0161t\u011b nevid\u011bli, co jste je\u0161t\u011b nezkou\u0161eli. Rozhodn\u011b to stoj\u00ed za to, proto nen\u00ed na co \u010dekat. Dop\u0159ejte si to nyn\u00ed i vy.                                                                                                                                                                                                                                                                                                                                                                                        5\/5 - (3 votes)        "},{"@context":"https:\/\/schema.org\/","@type":"BreadcrumbList","itemListElement":[{"@type":"ListItem","position":1,"name":"Abyste nebyli smutn\u00ed","item":"https:\/\/www.efcz.cz\/abyste-nebyli-smutni\/#breadcrumbitem"}]}]