[{"@context":"https:\/\/schema.org\/","@type":"Article","@id":"https:\/\/www.efcz.cz\/bydleni-vhodne-pro-vsechny-vekove-kategorie\/#Article","mainEntityOfPage":"https:\/\/www.efcz.cz\/bydleni-vhodne-pro-vsechny-vekove-kategorie\/","headline":"Bydlen\u00ed vhodn\u00e9 pro v\u0161echny v\u011bkov\u00e9 kategorie","name":"Bydlen\u00ed vhodn\u00e9 pro v\u0161echny v\u011bkov\u00e9 kategorie","description":"Mobiln\u00ed domy jsou vhodn\u00e9 doopravdy pro v\u0161echny v\u011bkov\u00e9 kategorie. Mlad\u00ed lid\u00e9 jist\u011b ocen\u00ed, \u017ee je mo\u017en\u00e9 n\u011bjak\u00fd hodn\u011b kvalitn\u00ed model po\u0159\u00eddit za p\u0159ijateln\u00e9 pen\u00edze. St\u0159edn\u00ed generace zvolen\u00fd model vyu\u017eije t\u0159eba jako \u00fato\u010di\u0161t\u011b na jejich zahrad\u011b, kterou si koupili, proto\u017ee zde hodlaj\u00ed relaxovat a odpo\u010d\u00edvat. Star\u0161\u00ed lid\u00e9 si mo\u017en\u00e1 cht\u011bj\u00ed splnit sv\u016fj sen a na jejich mal\u00e9m pozemku, kter\u00fd si v ml\u00e1d\u00ed koupili, tou\u017e\u00ed pro\u017e\u00edt poklidn\u00e9 st\u00e1\u0159\u00ed, proto\u017ee bydlen\u00ed v n\u00e1jemn\u00edm byt\u011b u\u017e je prost\u011b nebav\u00ed. D\u016fchod a nov\u00e9 bydlen\u00ed Mobiln\u00ed&hellip;","datePublished":"2025-01-03","dateModified":"2025-01-03","author":{"@type":"Person","@id":"https:\/\/www.efcz.cz\/author\/#Person","name":"efcz.cz\n","url":"https:\/\/www.efcz.cz\/author\/","identifier":1,"image":{"@type":"ImageObject","@id":"https:\/\/secure.gravatar.com\/avatar\/1e120f96477763896a9e7ab3663c076bf8b67ca32fa1a5943b70761da502a7a7?s=96&d=mm&r=g","url":"https:\/\/secure.gravatar.com\/avatar\/1e120f96477763896a9e7ab3663c076bf8b67ca32fa1a5943b70761da502a7a7?s=96&d=mm&r=g","height":96,"width":96}},"publisher":{"@type":"Organization","name":"efcz.cz","logo":{"@type":"ImageObject","@id":"\/logo.png","url":"\/logo.png","width":600,"height":60}},"url":"https:\/\/www.efcz.cz\/bydleni-vhodne-pro-vsechny-vekove-kategorie\/","wordCount":194,"articleBody":"Mobiln\u00ed domy jsou vhodn\u00e9 doopravdy pro v\u0161echny v\u011bkov\u00e9 kategorie. Mlad\u00ed lid\u00e9 jist\u011b ocen\u00ed, \u017ee je mo\u017en\u00e9 n\u011bjak\u00fd hodn\u011b kvalitn\u00ed model po\u0159\u00eddit za p\u0159ijateln\u00e9 pen\u00edze. St\u0159edn\u00ed generace zvolen\u00fd model vyu\u017eije t\u0159eba jako \u00fato\u010di\u0161t\u011b na jejich zahrad\u011b, kterou si koupili, proto\u017ee zde hodlaj\u00ed relaxovat a odpo\u010d\u00edvat. Star\u0161\u00ed lid\u00e9 si mo\u017en\u00e1 cht\u011bj\u00ed splnit sv\u016fj sen a na jejich mal\u00e9m pozemku, kter\u00fd si v ml\u00e1d\u00ed koupili, tou\u017e\u00ed pro\u017e\u00edt poklidn\u00e9 st\u00e1\u0159\u00ed, proto\u017ee bydlen\u00ed v n\u00e1jemn\u00edm byt\u011b u\u017e je prost\u011b nebav\u00ed. D\u016fchod a nov\u00e9 bydlen\u00ed Mobiln\u00ed domy budou zcela ur\u010dit\u011b vhodn\u00e9 i pro d\u016fchodce, kte\u0159\u00ed u\u017e nepot\u0159ebuj\u00ed obrovsk\u00e9 bydlen\u00ed, kter\u00e9 vy\u017eaduje velk\u00e9 mno\u017estv\u00ed pr\u00e1ce a nen\u00ed jednoduch\u00e9 ho udr\u017eovat. Jist\u011b ocen\u00edte, \u017ee v\u0161e budete m\u00edt p\u011bkn\u011b v p\u0159\u00edzem\u00ed a nebudete muset chodit do patra. V\u00e1\u0161 pohybov\u00fd apar\u00e1t u\u017e nen\u00ed nejlep\u0161\u00ed, tak nen\u00ed vhodn\u00e9 Va\u0161e nohy ka\u017ed\u00fd den p\u0159et\u011b\u017eovat. Rad\u011bji m\u016f\u017eete p\u011bkn\u011b odpo\u010d\u00edvat na nov\u00e9m z\u00e1pra\u017e\u00ed a kochat se okoln\u00ed p\u0159\u00edrodou.                                                                                                                                                                                                                                                                                                                                                                                        4\/5 - (1 vote)        "},{"@context":"https:\/\/schema.org\/","@type":"BreadcrumbList","itemListElement":[{"@type":"ListItem","position":1,"name":"Bydlen\u00ed vhodn\u00e9 pro v\u0161echny v\u011bkov\u00e9 kategorie","item":"https:\/\/www.efcz.cz\/bydleni-vhodne-pro-vsechny-vekove-kategorie\/#breadcrumbitem"}]}]