[{"@context":"https:\/\/schema.org\/","@type":"Article","@id":"https:\/\/www.efcz.cz\/i-male-princezny-chteji-byt-krasne\/#Article","mainEntityOfPage":"https:\/\/www.efcz.cz\/i-male-princezny-chteji-byt-krasne\/","headline":"I mal\u00e9 princezny cht\u011bj\u00ed b\u00fdt kr\u00e1sn\u00e9","name":"I mal\u00e9 princezny cht\u011bj\u00ed b\u00fdt kr\u00e1sn\u00e9","description":"Je zcela norm\u00e1ln\u00ed, \u017ee hol\u010di\u010dky se cht\u011bj\u00ed l\u00edbit a cht\u011bj\u00ed, aby jim to slu\u0161elo. V\u011bt\u0161inou n\u00e1m tak ji\u017e od \u00fatl\u00e9ho v\u011bku brebent\u00ed, kdy\u017e jim chyst\u00e1me oble\u010den\u00ed do \u0161kolky a pozd\u011bji do \u0161koly. \u010casto cht\u011bj\u00ed samy rozhodovat, co si ten kter\u00fd den vezmou na sebe. Pozd\u011bji si od n\u00e1s tajn\u011b p\u016fj\u010duj\u00ed rt\u011bnku nebo jin\u00e9 kosmetick\u00e9 pom\u016fcky, aby s nimi ve sv\u00e9m d\u011btsk\u00e9m pokoj\u00ed\u010dku prov\u00e1d\u011bly samy na sob\u011b experimenty, kter\u00e9 v\u011bt\u0161inou nedopadaj\u00ed zrovna nejl\u00e9pe. Darujte j\u00ed \u0161perk s kr\u00e1sn\u00fdm kam\u00ednkem Takovou hol\u010di\u010dku&hellip;","datePublished":"2025-09-02","dateModified":"2025-09-02","author":{"@type":"Person","@id":"https:\/\/www.efcz.cz\/author\/#Person","name":"efcz.cz\n","url":"https:\/\/www.efcz.cz\/author\/","identifier":1,"image":{"@type":"ImageObject","@id":"https:\/\/secure.gravatar.com\/avatar\/1e120f96477763896a9e7ab3663c076bf8b67ca32fa1a5943b70761da502a7a7?s=96&d=mm&r=g","url":"https:\/\/secure.gravatar.com\/avatar\/1e120f96477763896a9e7ab3663c076bf8b67ca32fa1a5943b70761da502a7a7?s=96&d=mm&r=g","height":96,"width":96}},"publisher":{"@type":"Organization","name":"efcz.cz","logo":{"@type":"ImageObject","@id":"\/logo.png","url":"\/logo.png","width":600,"height":60}},"url":"https:\/\/www.efcz.cz\/i-male-princezny-chteji-byt-krasne\/","wordCount":173,"articleBody":" Je zcela norm\u00e1ln\u00ed, \u017ee hol\u010di\u010dky se cht\u011bj\u00ed l\u00edbit a cht\u011bj\u00ed, aby jim to slu\u0161elo. V\u011bt\u0161inou n\u00e1m tak ji\u017e od \u00fatl\u00e9ho v\u011bku brebent\u00ed, kdy\u017e jim chyst\u00e1me oble\u010den\u00ed do \u0161kolky a pozd\u011bji do \u0161koly. \u010casto cht\u011bj\u00ed samy rozhodovat, co si ten kter\u00fd den vezmou na sebe. Pozd\u011bji si od n\u00e1s tajn\u011b p\u016fj\u010duj\u00ed rt\u011bnku nebo jin\u00e9 kosmetick\u00e9 pom\u016fcky, aby s nimi ve sv\u00e9m d\u011btsk\u00e9m pokoj\u00ed\u010dku prov\u00e1d\u011bly samy na sob\u011b experimenty, kter\u00e9 v\u011bt\u0161inou nedopadaj\u00ed zrovna nejl\u00e9pe. Darujte j\u00ed \u0161perk s kr\u00e1sn\u00fdm kam\u00ednkem Takovou hol\u010di\u010dku \u010di l\u00e9pe malou sle\u010dnu pot\u011b\u0161\u00ed nejen nov\u00fd kousek do jej\u00edho m\u00f3dn\u00edho \u0161atn\u00edku, ale i t\u0159eba \u0161perk. Kdy\u017e j\u00ed po\u0159\u00edd\u00edte d\u011btsk\u00e9 n\u00e1u\u0161nice, jist\u011b je bude r\u00e1da nosit, vystavovat na odiv ostatn\u00edm kamar\u00e1dk\u00e1m a bude si s nimi p\u0159ipadat jako opravdov\u00e1 princezna.                                                                                                                                                                                                                                                                                                                                                                                                "},{"@context":"https:\/\/schema.org\/","@type":"BreadcrumbList","itemListElement":[{"@type":"ListItem","position":1,"name":"I mal\u00e9 princezny cht\u011bj\u00ed b\u00fdt kr\u00e1sn\u00e9","item":"https:\/\/www.efcz.cz\/i-male-princezny-chteji-byt-krasne\/#breadcrumbitem"}]}]