[{"@context":"https:\/\/schema.org\/","@type":"Article","@id":"https:\/\/www.efcz.cz\/kdyz-se-mate-radi-reknete-to-vsem\/#Article","mainEntityOfPage":"https:\/\/www.efcz.cz\/kdyz-se-mate-radi-reknete-to-vsem\/","headline":"Kdy\u017e se m\u00e1te r\u00e1di, \u0159ekn\u011bte to v\u0161em","name":"Kdy\u017e se m\u00e1te r\u00e1di, \u0159ekn\u011bte to v\u0161em","description":"Nev\u00edte, kde si vybrat p\u0159ekr\u00e1sn\u00e9 druhy svatebn\u00edch ozn\u00e1men\u00ed, v jak\u00e9m bude vyj\u00e1d\u0159ena va\u0161e l\u00e1ska?My v\u00e1m porad\u00edme! Pod\u00edvejte se na na\u0161i obrovskou nab\u00eddku kr\u00e1sy a p\u016fvabu, jak\u00e9 m\u016f\u017eete m\u00edt pro sv\u016fj den D tak\u00e9. V\u0161echny jsou pln\u00e9 l\u00e1sky, s kr\u00e1sn\u00fdmi texty a ver\u0161i, ale tak\u00e9 v n\u00e1dhern\u00e9m spojen\u00ed barev a tvar\u016f. Vezmou v\u00e1s za srdce D\u00edky dokonal\u00e9 kr\u00e1se, n\u00e1mi nab\u00edzen\u00fdch druh\u016f ozn\u00e1men\u00ed, d\u00edky kr\u00e1sn\u00fdm a velmi romantick\u00fdm ver\u0161\u016fm, \u0159eknete sv\u011btu, jak se milujete a den, kdy se spolu vezmete! V\u011b\u0159te, \u017ee&hellip;","datePublished":"2025-04-30","dateModified":"2025-04-30","author":{"@type":"Person","@id":"https:\/\/www.efcz.cz\/author\/#Person","name":"efcz.cz\n","url":"https:\/\/www.efcz.cz\/author\/","identifier":1,"image":{"@type":"ImageObject","@id":"https:\/\/secure.gravatar.com\/avatar\/1e120f96477763896a9e7ab3663c076bf8b67ca32fa1a5943b70761da502a7a7?s=96&d=mm&r=g","url":"https:\/\/secure.gravatar.com\/avatar\/1e120f96477763896a9e7ab3663c076bf8b67ca32fa1a5943b70761da502a7a7?s=96&d=mm&r=g","height":96,"width":96}},"publisher":{"@type":"Organization","name":"efcz.cz","logo":{"@type":"ImageObject","@id":"\/logo.png","url":"\/logo.png","width":600,"height":60}},"url":"https:\/\/www.efcz.cz\/kdyz-se-mate-radi-reknete-to-vsem\/","wordCount":209,"articleBody":"Nev\u00edte, kde si vybrat p\u0159ekr\u00e1sn\u00e9 druhy svatebn\u00edch ozn\u00e1men\u00ed, v jak\u00e9m bude vyj\u00e1d\u0159ena va\u0161e l\u00e1ska?My v\u00e1m porad\u00edme! Pod\u00edvejte se na na\u0161i obrovskou nab\u00eddku kr\u00e1sy a p\u016fvabu, jak\u00e9 m\u016f\u017eete m\u00edt pro sv\u016fj den D tak\u00e9. V\u0161echny jsou pln\u00e9 l\u00e1sky, s kr\u00e1sn\u00fdmi texty a ver\u0161i, ale tak\u00e9 v n\u00e1dhern\u00e9m spojen\u00ed barev a tvar\u016f. Vezmou v\u00e1s za srdce D\u00edky dokonal\u00e9 kr\u00e1se, n\u00e1mi nab\u00edzen\u00fdch druh\u016f ozn\u00e1men\u00ed, d\u00edky kr\u00e1sn\u00fdm a velmi romantick\u00fdm ver\u0161\u016fm, \u0159eknete sv\u011btu, jak se milujete a den, kdy se spolu vezmete! V\u011b\u0159te, \u017ee v\u00e1m nab\u00edz\u00edme tak kr\u00e1sn\u00e9 ver\u0161e a celkovou grafiku, \u017ee v\u00e1s to vezme za srdce. M\u011bjte pam\u00e1tku na cel\u00fd \u017eivot, d\u00edky kvalit\u011b tisku a d\u00edky p\u016fvabn\u00fdm ver\u0161\u016fm, pln\u00e9 l\u00e1sky. Dokonal\u00e9 ceny U n\u00e1s si jednak dob\u0159e zvol\u00edte, ale tak\u00e9 si po\u0159\u00edd\u00edte mnoho druh\u016f, za ty nejlep\u0161\u00ed ceny. V\u011b\u0159te, \u017ee v\u00e1s pot\u011b\u0161\u00edme v\u0161emi sm\u011bry, a tak nev\u00e1hejte a vyu\u017eijte na\u0161i pomoc tak\u00e9.                                                                                                                                                                                                                                                                                                                                                                                                "},{"@context":"https:\/\/schema.org\/","@type":"BreadcrumbList","itemListElement":[{"@type":"ListItem","position":1,"name":"Kdy\u017e se m\u00e1te r\u00e1di, \u0159ekn\u011bte to v\u0161em","item":"https:\/\/www.efcz.cz\/kdyz-se-mate-radi-reknete-to-vsem\/#breadcrumbitem"}]}]