[{"@context":"https:\/\/schema.org\/","@type":"Article","@id":"https:\/\/www.efcz.cz\/montaz-klimatizace\/#Article","mainEntityOfPage":"https:\/\/www.efcz.cz\/montaz-klimatizace\/","headline":"Mont\u00e1\u017e klimatizace","name":"Mont\u00e1\u017e klimatizace","description":"Jen si to p\u0159edstavte, \u017ee budete p\u00e1nem teploty v byt\u011b. U\u017e se nebudete potit a budete si u\u017e\u00edvat kr\u00e1sn\u00e9 chvilky s rodinou a bl\u00edzk\u00fdmi p\u0159\u00edjemn\u00e9 teplot\u011b. Kdy\u017e k V\u00e1m n\u011bkdo p\u0159ijde na n\u00e1v\u0161t\u011bvu, tak se nebudete potit na gau\u010di a v\u0161ude se lepit d\u00edky klimatizaci. Na\u0161e firma se neomezuje jen na hlavn\u00ed m\u011bsto, a proto si n\u00e1\u0161 m\u016f\u017eete zavolat i z jin\u00e9 lokality. Krom\u011b mont\u00e1\u017ee klimatizace V\u00e1m nab\u00edz\u00edme i jej\u00ed servis, co\u017e je tak\u00e9 velice d\u016fle\u017eit\u00e9. Vy se nebudete muset&hellip;","datePublished":"2017-06-24","dateModified":"2023-04-30","author":{"@type":"Person","@id":"https:\/\/www.efcz.cz\/author\/#Person","name":"efcz.cz\n","url":"https:\/\/www.efcz.cz\/author\/","identifier":1,"image":{"@type":"ImageObject","@id":"https:\/\/secure.gravatar.com\/avatar\/1e120f96477763896a9e7ab3663c076bf8b67ca32fa1a5943b70761da502a7a7?s=96&d=mm&r=g","url":"https:\/\/secure.gravatar.com\/avatar\/1e120f96477763896a9e7ab3663c076bf8b67ca32fa1a5943b70761da502a7a7?s=96&d=mm&r=g","height":96,"width":96}},"publisher":{"@type":"Organization","name":"efcz.cz","logo":{"@type":"ImageObject","@id":"\/logo.png","url":"\/logo.png","width":600,"height":60}},"image":{"@type":"ImageObject","@id":"https:\/\/www.efcz.cz\/wp-content\/uploads\/img_a289234_w2117_t1500634076.jpg","url":"https:\/\/www.efcz.cz\/wp-content\/uploads\/img_a289234_w2117_t1500634076.jpg","height":0,"width":0},"url":"https:\/\/www.efcz.cz\/montaz-klimatizace\/","about":["Slu\u017eby"],"wordCount":454,"articleBody":"         Jen si to p\u0159edstavte, \u017ee budete p\u00e1nem teploty v byt\u011b. U\u017e se nebudete potit a budete si u\u017e\u00edvat kr\u00e1sn\u00e9 chvilky s rodinou a bl\u00edzk\u00fdmi p\u0159\u00edjemn\u00e9 teplot\u011b. Kdy\u017e k V\u00e1m n\u011bkdo p\u0159ijde na n\u00e1v\u0161t\u011bvu, tak se nebudete potit na gau\u010di a v\u0161ude se lepit d\u00edky klimatizaci. Na\u0161e firma se neomezuje jen na hlavn\u00ed m\u011bsto, a proto si n\u00e1\u0161 m\u016f\u017eete zavolat i z jin\u00e9 lokality. Krom\u011b mont\u00e1\u017ee klimatizace V\u00e1m nab\u00edz\u00edme i jej\u00ed servis, co\u017e je tak\u00e9 velice d\u016fle\u017eit\u00e9. Vy se nebudete muset naprosto o nic starat, nezn\u00ed to skv\u011ble? Vy si jen vyberete model podle toho, co chcete, aby V\u00e1m spl\u0148oval v\u0161echny Va\u0161e po\u017eadavky. Mont\u00e1\u017e klimatizace V\u00e1m bude provedena od n\u00e1s dob\u0159e a kvalitn\u011b. Pokud si vyberete n\u00e1s jako spr\u00e1vn\u00e9ho partnera, tak rozhodn\u011b neud\u011bl\u00e1te chybu, to se nebojte. P\u0159ipojte se i Vy k cel\u00e9 \u0159ad\u011b na\u0161ich maxim\u00e1ln\u011b spokojen\u00fdch z\u00e1kazn\u00edk\u016f a sta\u0148te se tak\u00e9 jedn\u00edm z nich. My si na\u0161ich z\u00e1kazn\u00edk\u016f v\u00e1\u017e\u00edme a m\u00e1me pro n\u011b nejlep\u0161\u00ed podm\u00ednky. Pokud byste cht\u011bli ud\u011blat servis nebo n\u011bco opravit, tak tu jsme pro V\u00e1s a nab\u00edz\u00edme V\u00e1m na\u0161e slu\u017eby. Skv\u011bl\u00e9 ceny U n\u00e1s najdete opravdu skv\u011blou cenovou nab\u00eddku se z\u00e1rukou t\u00e9 nejvy\u0161\u0161\u00ed kvality, tak\u017ee se b\u00e1t nemus\u00edte. Kvalita je pro n\u00e1s na prvn\u00edm m\u00edst\u011b. Vyberte si u n\u00e1s z n\u011bkolika typ\u016f klimatizace. Neslou\u017e\u00ed jenom k ochlazov\u00e1n\u00ed vzduchu, ale tak\u00e9 k jeho oteplov\u00e1n\u00ed, co\u017e je opravdu v\u00fdhodn\u00e9, proto\u017ee si tak m\u016f\u017eete i zatopit. Tohle mo\u017enost maj\u00ed ale jen n\u011bkter\u00e9 druhy. Rozhodn\u011bte se je\u0161t\u011b dneska a jist\u011b budete spokojen\u00ed. P\u0159esv\u011bd\u010dte se na vlastn\u00ed k\u016f\u017ei, jak je to skv\u011bl\u00e9, kdy\u017e m\u016f\u017eete ovl\u00e1dat teplotu sami a nemus\u00edte se na nic spol\u00e9hat. Jedin\u011b u n\u00e1s m\u00e1te tak \u0161irok\u00fd v\u00fdb\u011br a v\u0161echno tak skv\u011ble dostupn\u00e9. Nev\u00e1hejte a zvolte si spr\u00e1vn\u011b n\u00e1s a nebudete ni\u010deho litovat. V\u0161echno vy\u0159e\u0161\u00edme rychle a bez jak\u00e9hokoliv probl\u00e9mu. Rozhodn\u011bte se je\u0161t\u011b dneska a ud\u011blejte ten prvn\u00ed, nejd\u016fle\u017eit\u011bj\u0161\u00ed krok a sta\u0148te se na\u0161\u00edm spokojen\u00fdm z\u00e1kazn\u00edkem.V\u00fdhody \u00b7 Skv\u011bl\u00e1 cena \u00b7 Vysok\u00e1 kvalita \u00b7 Maxim\u00e1ln\u00ed spokojenost \u00b7 Kvalitn\u00ed slu\u017eby U n\u00e1s nebudete na nic \u010dekat. V\u0161echno vy\u0159\u00edd\u00edme opravdu rychle.                                                                                                                                                                                                                                                                                                                                                                                           4.1\/5 - (12 votes)        "},{"@context":"https:\/\/schema.org\/","@type":"BreadcrumbList","itemListElement":[{"@type":"ListItem","position":1,"name":"Mont\u00e1\u017e klimatizace","item":"https:\/\/www.efcz.cz\/montaz-klimatizace\/#breadcrumbitem"}]}]