[{"@context":"https:\/\/schema.org\/","@type":"Article","@id":"https:\/\/www.efcz.cz\/nechte-si-uklidit\/#Article","mainEntityOfPage":"https:\/\/www.efcz.cz\/nechte-si-uklidit\/","headline":"Nechte si uklidit","name":"Nechte si uklidit","description":"\u00daklid, no\u010dn\u00ed m\u016fra mnoh\u00fdch \u017een i mu\u017e\u016f. \u00daklidem ztrat\u00edme mnoho drahocenn\u00e9ho \u010dasu a je to takov\u00e9 nikdy nekon\u010d\u00edc\u00ed perpetum mobile. P\u0159esto bychom, ale cht\u011bli m\u00edt p\u011bkn\u011b uklizeno. Zvl\u00e1\u0161\u0165 v obdob\u00ed v\u00e1noc a velikonoc n\u00e1s popadne \u00faklidov\u00e9 \u0161\u00edlenstv\u00ed. Nejm\u00e9n\u011b obl\u00edbenou dom\u00e1c\u00ed prac\u00ed, je myt\u00ed oken. Jestli chceme m\u00edt doma \u010disto a nechceme se \u00faklidem zab\u00fdvat, objednejme si \u00faklidovou slu\u017ebu. Na \u00faklid dom\u00e1cnost\u00ed, najdete dostate\u010dn\u00e9 mno\u017estv\u00ed kvalitn\u00edch firem. M\u016f\u017eete si zvolit pouze jednor\u00e1zov\u00fd gener\u00e1ln\u00ed \u00faklid nebo pravideln\u00fd \u00faklid nebo \u010dist\u011b jednor\u00e1zov\u00fd men\u0161\u00ed&hellip;","datePublished":"2025-03-02","dateModified":"2023-04-30","author":{"@type":"Person","@id":"https:\/\/www.efcz.cz\/author\/#Person","name":"efcz.cz\n","url":"https:\/\/www.efcz.cz\/author\/","identifier":1,"image":{"@type":"ImageObject","@id":"https:\/\/secure.gravatar.com\/avatar\/1e120f96477763896a9e7ab3663c076bf8b67ca32fa1a5943b70761da502a7a7?s=96&d=mm&r=g","url":"https:\/\/secure.gravatar.com\/avatar\/1e120f96477763896a9e7ab3663c076bf8b67ca32fa1a5943b70761da502a7a7?s=96&d=mm&r=g","height":96,"width":96}},"publisher":{"@type":"Organization","name":"efcz.cz","logo":{"@type":"ImageObject","@id":"\/logo.png","url":"\/logo.png","width":600,"height":60}},"image":{"@type":"ImageObject","@id":"https:\/\/www.efcz.cz\/wp-content\/uploads\/img_a311952_w2117_t1523018795.jpg","url":"https:\/\/www.efcz.cz\/wp-content\/uploads\/img_a311952_w2117_t1523018795.jpg","height":0,"width":0},"url":"https:\/\/www.efcz.cz\/nechte-si-uklidit\/","about":["Slu\u017eby"],"wordCount":399,"articleBody":"\u00daklid, no\u010dn\u00ed m\u016fra mnoh\u00fdch \u017een i mu\u017e\u016f. \u00daklidem ztrat\u00edme mnoho drahocenn\u00e9ho \u010dasu a je to takov\u00e9 nikdy nekon\u010d\u00edc\u00ed perpetum mobile. P\u0159esto bychom, ale cht\u011bli m\u00edt p\u011bkn\u011b uklizeno. Zvl\u00e1\u0161\u0165 v obdob\u00ed v\u00e1noc a velikonoc n\u00e1s popadne \u00faklidov\u00e9 \u0161\u00edlenstv\u00ed. Nejm\u00e9n\u011b obl\u00edbenou dom\u00e1c\u00ed prac\u00ed, je myt\u00ed oken. Jestli chceme m\u00edt doma \u010disto a nechceme se \u00faklidem zab\u00fdvat, objednejme si \u00faklidovou slu\u017ebu. Na \u00faklid dom\u00e1cnost\u00ed, najdete dostate\u010dn\u00e9 mno\u017estv\u00ed kvalitn\u00edch firem. M\u016f\u017eete si zvolit pouze jednor\u00e1zov\u00fd gener\u00e1ln\u00ed \u00faklid nebo pravideln\u00fd \u00faklid nebo \u010dist\u011b jednor\u00e1zov\u00fd men\u0161\u00ed \u00faklid. Firma v\u00e1m pom\u016f\u017ee i s \u00faklidem po stavebn\u00edch prac\u00edch a po rekonstrukci. V p\u0159\u00edpad\u011b, \u017ee si objedn\u00e1te pravideln\u00fd \u00faklid, dohodnete si s firmou jeden den v t\u00fddnu, kter\u00fd si na pracovn\u00edka slu\u017eby vyhrad\u00edte a pravideln\u00fd \u010das. Proto\u017ee ka\u017ed\u00fd m\u00e1 p\u0159i \u00faklidu sv\u00e9 obl\u00edben\u00e9 \u010distic\u00ed prost\u0159edky, bude firma pou\u017e\u00edvat pr\u00e1v\u011b ty.  Samoz\u0159ejm\u011b se m\u016f\u017eete domluvit, \u017ee firma bude ukl\u00edzet sv\u00fdmi \u010distic\u00edmi prost\u0159edky. P\u0159i gener\u00e1ln\u00edm \u00faklidu, v\u00e1m bude byt nebo d\u016fm uklizen, v\u010detn\u011b t\u011bch nejmen\u0161\u00edch prostor. Samoz\u0159ejmost\u00ed, je mo\u017enost objedn\u00e1n\u00ed myt\u00ed oken. Co znamen\u00e1 pravideln\u00fd \u00faklid? V\u0161e v\u017edy z\u00e1le\u017e\u00ed na dohod\u011b, ale mezi pravideln\u00fd \u00faklid pat\u0159\u00ed vys\u00e1v\u00e1n\u00ed koberc\u016f, umyt\u00ed soci\u00e1ln\u00edho za\u0159\u00edzen\u00ed, vyt\u0159en\u00ed podlah a ut\u0159en\u00ed prachu. Podle nab\u00eddky firem, se m\u016f\u017eete v p\u0159\u00edpad\u011b z\u00e1jmu domluvit i na vy\u017eehlen\u00ed pr\u00e1dla.  Gener\u00e1ln\u00ed \u00faklid? Gener\u00e1ln\u00ed \u00faklid, obsahuje v podstat\u011b stejn\u00e9 slu\u017eby, jako \u00faklid pravideln\u00fd, jen s p\u0159id\u00e1n\u00edm n\u011bkolika slu\u017eeb. T\u011bmi jsou myt\u00ed lustr\u016f, radi\u00e1tor\u016f, umyt\u00ed kuchy\u0148sk\u00e9 linky, \u010di\u0161t\u011bn\u00ed \u017ealuzi\u00ed, pran\u00ed a pov\u011b\u0161en\u00ed z\u00e1clon, \u010di\u0161t\u011bn\u00ed dla\u017eeb a dal\u0161\u00ed dopl\u0148kov\u00e9 \u00fakony, na kter\u00fdch se domluv\u00edte. N\u011bkter\u00e9 firmy, dokonce nab\u00edz\u00ed jeden \u00faklid na zkou\u0161ku zdarma. Pokud v\u00e1m bude slu\u017eba vyhovovat, nen\u00ed nic jednodu\u0161\u0161\u00edho, ne\u017e se domluvit na dal\u0161\u00ed spolupr\u00e1ci. Vy si sestav\u00edte po\u017eadavky, kter\u00e9 na \u00faklid m\u00e1te. Firma v\u00e1m nab\u00eddne cenovou kalkulaci. Pak u\u017e je jen na v\u00e1s, zda jejich slu\u017eeb vyu\u017eijete.                                                                                                                                                                                                                                                                                                                                                                                         4.2\/5 - (9 votes)        "},{"@context":"https:\/\/schema.org\/","@type":"BreadcrumbList","itemListElement":[{"@type":"ListItem","position":1,"name":"Nechte si uklidit","item":"https:\/\/www.efcz.cz\/nechte-si-uklidit\/#breadcrumbitem"}]}]