[{"@context":"https:\/\/schema.org\/","@type":"Article","@id":"https:\/\/www.efcz.cz\/oriflame-registrace\/#Article","mainEntityOfPage":"https:\/\/www.efcz.cz\/oriflame-registrace\/","headline":"Oriflame registrace","name":"Oriflame registrace","description":"M\u00e1me pro v\u00e1s nab\u00eddku spolupr\u00e1ce a z\u00e1rove\u0148 i v\u00fdd\u011blku z domova. Nab\u00edz\u00edmeOriflame registrace, kdy m\u016f\u017eete nab\u00edzet produkty Oriflame a vyd\u011blat si 30% ze zisku. M\u016f\u017eete si nakoupit i pro sv\u00e9 vlastn\u00ed pot\u0159eby se slevou. Mo\u017enosti jsou neomezen\u00e9. Oriflame registrace je vhodn\u00e1 pro ka\u017ed\u00e9ho, komu ji\u017e bylo 15 let. Spolupr\u00e1ce s n\u00e1mi je samoz\u0159ejm\u011b zdarma a umo\u017en\u00ed v\u00e1m z\u00edskat i mnoho d\u00e1rk\u016f. Nab\u00edz\u00edme v\u00e1m mo\u017enost \u0161kolen\u00ed, abyste se v na\u0161ich produktech dob\u0159e orientovali. Je to z\u00e1bava, kter\u00e1 v\u00e1m vyd\u011bl\u00e1 pen\u00edze. Bude&hellip;","datePublished":"2025-02-20","dateModified":"2025-02-20","author":{"@type":"Person","@id":"https:\/\/www.efcz.cz\/author\/#Person","name":"efcz.cz\n","url":"https:\/\/www.efcz.cz\/author\/","identifier":1,"image":{"@type":"ImageObject","@id":"https:\/\/secure.gravatar.com\/avatar\/1e120f96477763896a9e7ab3663c076bf8b67ca32fa1a5943b70761da502a7a7?s=96&d=mm&r=g","url":"https:\/\/secure.gravatar.com\/avatar\/1e120f96477763896a9e7ab3663c076bf8b67ca32fa1a5943b70761da502a7a7?s=96&d=mm&r=g","height":96,"width":96}},"publisher":{"@type":"Organization","name":"efcz.cz","logo":{"@type":"ImageObject","@id":"\/logo.png","url":"\/logo.png","width":600,"height":60}},"url":"https:\/\/www.efcz.cz\/oriflame-registrace\/","wordCount":180,"articleBody":"M\u00e1me pro v\u00e1s nab\u00eddku spolupr\u00e1ce a z\u00e1rove\u0148 i v\u00fdd\u011blku z domova. Nab\u00edz\u00edmeOriflame registrace, kdy m\u016f\u017eete nab\u00edzet produkty Oriflame a vyd\u011blat si 30% ze zisku. M\u016f\u017eete si nakoupit i pro sv\u00e9 vlastn\u00ed pot\u0159eby se slevou. Mo\u017enosti jsou neomezen\u00e9.Oriflame registrace je vhodn\u00e1 pro ka\u017ed\u00e9ho, komu ji\u017e bylo 15 let. Spolupr\u00e1ce s n\u00e1mi je samoz\u0159ejm\u011b zdarma a umo\u017en\u00ed v\u00e1m z\u00edskat i mnoho d\u00e1rk\u016f. Nab\u00edz\u00edme v\u00e1m mo\u017enost \u0161kolen\u00ed, abyste se v na\u0161ich produktech dob\u0159e orientovali. Je to z\u00e1bava, kter\u00e1 v\u00e1m vyd\u011bl\u00e1 pen\u00edze.Bude v\u00e1s to bavitOriflame registrace je pr\u00e1ce formou z\u00e1bavy. Tato \u0161v\u00e9dsk\u00e1, p\u0159\u00edrodn\u00ed kosmetika je zn\u00e1m\u00e1 po cel\u00e9m sv\u011bt\u011b a d\u00edky sv\u00e9 kvalit\u011b a cenov\u00e9 dostupnosti se velmi dob\u0159e prod\u00e1v\u00e1. V ka\u017ed\u00e9m aktu\u00e1ln\u00edm katalogu, najde z\u00e1kazn\u00edk mnoho akc\u00ed a slev. Nab\u00edzejte, prod\u00e1vejte, vyd\u011bl\u00e1vejte s n\u00e1mi.                                                                                                                                                                                                                                                                                                                                                                                        5\/5 - (2 votes)        "},{"@context":"https:\/\/schema.org\/","@type":"BreadcrumbList","itemListElement":[{"@type":"ListItem","position":1,"name":"Oriflame registrace","item":"https:\/\/www.efcz.cz\/oriflame-registrace\/#breadcrumbitem"}]}]