[{"@context":"https:\/\/schema.org\/","@type":"Blog","@id":"https:\/\/www.efcz.cz#Blog","headline":"Efcz","description":"\nNen\u00ed nic lep\u0161\u00edho, ne\u017e voln\u00e9 chv\u00edle, kter\u00e9 m\u016f\u017eete str\u00e1vit t\u0159eba \u010dten\u00edm. Pot\u011b\u0161te se tedy po\u0159\u00e1d p\u0159ipraven\u00fdm online magaz\u00ednem a jeho pestr\u00fdm obsahem.","url":"https:\/\/www.efcz.cz","hasPart":[{"@type":"Article","@id":"https:\/\/www.efcz.cz\/propagujeme-bazarovy-prodej-na-internetu\/","headline":"Propagujeme bazarov\u00fd prodej na Internetu","url":"https:\/\/www.efcz.cz\/propagujeme-bazarovy-prodej-na-internetu\/","datePublished":"2025-07-01","dateModified":"2025-07-01","mainEntityOfPage":"https:\/\/www.efcz.cz\/propagujeme-bazarovy-prodej-na-internetu\/","author":{"@type":"Person","@id":"https:\/\/www.efcz.cz\/author\/#Person","name":"efcz.cz\n","url":"https:\/\/www.efcz.cz\/author\/","identifier":1,"image":{"@type":"ImageObject","@id":"https:\/\/secure.gravatar.com\/avatar\/1e120f96477763896a9e7ab3663c076bf8b67ca32fa1a5943b70761da502a7a7?s=96&d=mm&r=g","url":"https:\/\/secure.gravatar.com\/avatar\/1e120f96477763896a9e7ab3663c076bf8b67ca32fa1a5943b70761da502a7a7?s=96&d=mm&r=g","height":96,"width":96}},"publisher":{"@type":"Organization","name":"efcz.cz","logo":{"@type":"ImageObject","@id":"\/logo.png","url":"\/logo.png","width":600,"height":60}},"image":{"@type":"ImageObject","@id":"https:\/\/www.efcz.cz\/wp-content\/uploads\/seo-1210158_640_10_4.jpg","url":"https:\/\/www.efcz.cz\/wp-content\/uploads\/seo-1210158_640_10_4.jpg","height":0,"width":0},"wordCount":554,"keywords":null},{"@type":"Article","@id":"https:\/\/www.efcz.cz\/budte-vlastenci\/","headline":"Bu\u010fte vlastenci!","url":"https:\/\/www.efcz.cz\/budte-vlastenci\/","datePublished":"2025-06-29","dateModified":"2025-06-29","mainEntityOfPage":"https:\/\/www.efcz.cz\/budte-vlastenci\/","author":{"@type":"Person","@id":"https:\/\/www.efcz.cz\/author\/#Person","name":"efcz.cz\n","url":"https:\/\/www.efcz.cz\/author\/","identifier":1,"image":{"@type":"ImageObject","@id":"https:\/\/secure.gravatar.com\/avatar\/1e120f96477763896a9e7ab3663c076bf8b67ca32fa1a5943b70761da502a7a7?s=96&d=mm&r=g","url":"https:\/\/secure.gravatar.com\/avatar\/1e120f96477763896a9e7ab3663c076bf8b67ca32fa1a5943b70761da502a7a7?s=96&d=mm&r=g","height":96,"width":96}},"publisher":{"@type":"Organization","name":"efcz.cz","logo":{"@type":"ImageObject","@id":"\/logo.png","url":"\/logo.png","width":600,"height":60}},"image":null,"wordCount":248,"keywords":null},{"@type":"Article","@id":"https:\/\/www.efcz.cz\/uzijte-si-leto-naplno\/","headline":"U\u017eijte si l\u00e9to naplno","url":"https:\/\/www.efcz.cz\/uzijte-si-leto-naplno\/","datePublished":"2025-06-23","dateModified":"2025-06-23","mainEntityOfPage":"https:\/\/www.efcz.cz\/uzijte-si-leto-naplno\/","author":{"@type":"Person","@id":"https:\/\/www.efcz.cz\/author\/#Person","name":"efcz.cz\n","url":"https:\/\/www.efcz.cz\/author\/","identifier":1,"image":{"@type":"ImageObject","@id":"https:\/\/secure.gravatar.com\/avatar\/1e120f96477763896a9e7ab3663c076bf8b67ca32fa1a5943b70761da502a7a7?s=96&d=mm&r=g","url":"https:\/\/secure.gravatar.com\/avatar\/1e120f96477763896a9e7ab3663c076bf8b67ca32fa1a5943b70761da502a7a7?s=96&d=mm&r=g","height":96,"width":96}},"publisher":{"@type":"Organization","name":"efcz.cz","logo":{"@type":"ImageObject","@id":"\/logo.png","url":"\/logo.png","width":600,"height":60}},"image":null,"wordCount":229,"keywords":null},{"@type":"Article","@id":"https:\/\/www.efcz.cz\/pro-vasi-radost\/","headline":"Pro va\u0161i radost","url":"https:\/\/www.efcz.cz\/pro-vasi-radost\/","datePublished":"2025-06-18","dateModified":"2025-06-18","mainEntityOfPage":"https:\/\/www.efcz.cz\/pro-vasi-radost\/","author":{"@type":"Person","@id":"https:\/\/www.efcz.cz\/author\/#Person","name":"efcz.cz\n","url":"https:\/\/www.efcz.cz\/author\/","identifier":1,"image":{"@type":"ImageObject","@id":"https:\/\/secure.gravatar.com\/avatar\/1e120f96477763896a9e7ab3663c076bf8b67ca32fa1a5943b70761da502a7a7?s=96&d=mm&r=g","url":"https:\/\/secure.gravatar.com\/avatar\/1e120f96477763896a9e7ab3663c076bf8b67ca32fa1a5943b70761da502a7a7?s=96&d=mm&r=g","height":96,"width":96}},"publisher":{"@type":"Organization","name":"efcz.cz","logo":{"@type":"ImageObject","@id":"\/logo.png","url":"\/logo.png","width":600,"height":60}},"image":null,"wordCount":243,"keywords":null},{"@type":"Article","@id":"https:\/\/www.efcz.cz\/prijedte-do-beskyd\/","headline":"P\u0159ije\u010fte do Beskyd","url":"https:\/\/www.efcz.cz\/prijedte-do-beskyd\/","datePublished":"2025-06-13","dateModified":"2025-06-13","mainEntityOfPage":"https:\/\/www.efcz.cz\/prijedte-do-beskyd\/","author":{"@type":"Person","@id":"https:\/\/www.efcz.cz\/author\/#Person","name":"efcz.cz\n","url":"https:\/\/www.efcz.cz\/author\/","identifier":1,"image":{"@type":"ImageObject","@id":"https:\/\/secure.gravatar.com\/avatar\/1e120f96477763896a9e7ab3663c076bf8b67ca32fa1a5943b70761da502a7a7?s=96&d=mm&r=g","url":"https:\/\/secure.gravatar.com\/avatar\/1e120f96477763896a9e7ab3663c076bf8b67ca32fa1a5943b70761da502a7a7?s=96&d=mm&r=g","height":96,"width":96}},"publisher":{"@type":"Organization","name":"efcz.cz","logo":{"@type":"ImageObject","@id":"\/logo.png","url":"\/logo.png","width":600,"height":60}},"image":{"@type":"ImageObject","@id":"https:\/\/www.efcz.cz\/wp-content\/uploads\/country-3887888_640_5.jpg","url":"https:\/\/www.efcz.cz\/wp-content\/uploads\/country-3887888_640_5.jpg","height":0,"width":0},"wordCount":539,"keywords":null},{"@type":"Article","@id":"https:\/\/www.efcz.cz\/pobyt-u-vody\/","headline":"Pobyt u vody","url":"https:\/\/www.efcz.cz\/pobyt-u-vody\/","datePublished":"2025-06-12","dateModified":"2025-06-12","mainEntityOfPage":"https:\/\/www.efcz.cz\/pobyt-u-vody\/","author":{"@type":"Person","@id":"https:\/\/www.efcz.cz\/author\/#Person","name":"efcz.cz\n","url":"https:\/\/www.efcz.cz\/author\/","identifier":1,"image":{"@type":"ImageObject","@id":"https:\/\/secure.gravatar.com\/avatar\/1e120f96477763896a9e7ab3663c076bf8b67ca32fa1a5943b70761da502a7a7?s=96&d=mm&r=g","url":"https:\/\/secure.gravatar.com\/avatar\/1e120f96477763896a9e7ab3663c076bf8b67ca32fa1a5943b70761da502a7a7?s=96&d=mm&r=g","height":96,"width":96}},"publisher":{"@type":"Organization","name":"efcz.cz","logo":{"@type":"ImageObject","@id":"\/logo.png","url":"\/logo.png","width":600,"height":60}},"image":null,"wordCount":217,"keywords":null},{"@type":"Article","@id":"https:\/\/www.efcz.cz\/lepsi-nez-klasicke-kurivo\/","headline":"Lep\u0161\u00ed, ne\u017e klasick\u00e9 ku\u0159ivo","url":"https:\/\/www.efcz.cz\/lepsi-nez-klasicke-kurivo\/","datePublished":"2025-06-04","dateModified":"2025-06-04","mainEntityOfPage":"https:\/\/www.efcz.cz\/lepsi-nez-klasicke-kurivo\/","author":{"@type":"Person","@id":"https:\/\/www.efcz.cz\/author\/#Person","name":"efcz.cz\n","url":"https:\/\/www.efcz.cz\/author\/","identifier":1,"image":{"@type":"ImageObject","@id":"https:\/\/secure.gravatar.com\/avatar\/1e120f96477763896a9e7ab3663c076bf8b67ca32fa1a5943b70761da502a7a7?s=96&d=mm&r=g","url":"https:\/\/secure.gravatar.com\/avatar\/1e120f96477763896a9e7ab3663c076bf8b67ca32fa1a5943b70761da502a7a7?s=96&d=mm&r=g","height":96,"width":96}},"publisher":{"@type":"Organization","name":"efcz.cz","logo":{"@type":"ImageObject","@id":"\/logo.png","url":"\/logo.png","width":600,"height":60}},"image":null,"wordCount":196,"keywords":null},{"@type":"Article","@id":"https:\/\/www.efcz.cz\/spani-jako-v-bavlnce\/","headline":"Span\u00ed jako v bavlnce","url":"https:\/\/www.efcz.cz\/spani-jako-v-bavlnce\/","datePublished":"2025-05-23","dateModified":"2025-05-23","mainEntityOfPage":"https:\/\/www.efcz.cz\/spani-jako-v-bavlnce\/","author":{"@type":"Person","@id":"https:\/\/www.efcz.cz\/author\/#Person","name":"efcz.cz\n","url":"https:\/\/www.efcz.cz\/author\/","identifier":1,"image":{"@type":"ImageObject","@id":"https:\/\/secure.gravatar.com\/avatar\/1e120f96477763896a9e7ab3663c076bf8b67ca32fa1a5943b70761da502a7a7?s=96&d=mm&r=g","url":"https:\/\/secure.gravatar.com\/avatar\/1e120f96477763896a9e7ab3663c076bf8b67ca32fa1a5943b70761da502a7a7?s=96&d=mm&r=g","height":96,"width":96}},"publisher":{"@type":"Organization","name":"efcz.cz","logo":{"@type":"ImageObject","@id":"\/logo.png","url":"\/logo.png","width":600,"height":60}},"image":null,"wordCount":201,"keywords":null},{"@type":"Article","@id":"https:\/\/www.efcz.cz\/nizke-ceny-bezpecneho-vybaveni\/","headline":"N\u00edzk\u00e9 ceny bezpe\u010dn\u00e9ho vybaven\u00ed","url":"https:\/\/www.efcz.cz\/nizke-ceny-bezpecneho-vybaveni\/","datePublished":"2025-05-18","dateModified":"2025-05-18","mainEntityOfPage":"https:\/\/www.efcz.cz\/nizke-ceny-bezpecneho-vybaveni\/","author":{"@type":"Person","@id":"https:\/\/www.efcz.cz\/author\/#Person","name":"efcz.cz\n","url":"https:\/\/www.efcz.cz\/author\/","identifier":1,"image":{"@type":"ImageObject","@id":"https:\/\/secure.gravatar.com\/avatar\/1e120f96477763896a9e7ab3663c076bf8b67ca32fa1a5943b70761da502a7a7?s=96&d=mm&r=g","url":"https:\/\/secure.gravatar.com\/avatar\/1e120f96477763896a9e7ab3663c076bf8b67ca32fa1a5943b70761da502a7a7?s=96&d=mm&r=g","height":96,"width":96}},"publisher":{"@type":"Organization","name":"efcz.cz","logo":{"@type":"ImageObject","@id":"\/logo.png","url":"\/logo.png","width":600,"height":60}},"image":null,"wordCount":199,"keywords":null},{"@type":"Article","@id":"https:\/\/www.efcz.cz\/relax-for-everyone\/","headline":"Relax for everyone","url":"https:\/\/www.efcz.cz\/relax-for-everyone\/","datePublished":"2025-05-10","dateModified":"2025-05-10","mainEntityOfPage":"https:\/\/www.efcz.cz\/relax-for-everyone\/","author":{"@type":"Person","@id":"https:\/\/www.efcz.cz\/author\/#Person","name":"efcz.cz\n","url":"https:\/\/www.efcz.cz\/author\/","identifier":1,"image":{"@type":"ImageObject","@id":"https:\/\/secure.gravatar.com\/avatar\/1e120f96477763896a9e7ab3663c076bf8b67ca32fa1a5943b70761da502a7a7?s=96&d=mm&r=g","url":"https:\/\/secure.gravatar.com\/avatar\/1e120f96477763896a9e7ab3663c076bf8b67ca32fa1a5943b70761da502a7a7?s=96&d=mm&r=g","height":96,"width":96}},"publisher":{"@type":"Organization","name":"efcz.cz","logo":{"@type":"ImageObject","@id":"\/logo.png","url":"\/logo.png","width":600,"height":60}},"image":null,"wordCount":228,"keywords":null}]},{"@context":"https:\/\/schema.org","@type":"WebSite","@id":"https:\/\/www.efcz.cz\/#website","name":"Efcz","url":"https:\/\/www.efcz.cz","potentialAction":{"@type":"SearchAction","target":"https:\/\/www.efcz.cz\/?s={search_term_string}","query-input":"required name=search_term_string"}}]