[{"@context":"https:\/\/schema.org\/","@type":"Blog","@id":"https:\/\/www.efcz.cz#Blog","headline":"Efcz","description":"\nNen\u00ed nic lep\u0161\u00edho, ne\u017e voln\u00e9 chv\u00edle, kter\u00e9 m\u016f\u017eete str\u00e1vit t\u0159eba \u010dten\u00edm. Pot\u011b\u0161te se tedy po\u0159\u00e1d p\u0159ipraven\u00fdm online magaz\u00ednem a jeho pestr\u00fdm obsahem.","url":"https:\/\/www.efcz.cz","hasPart":[{"@type":"Article","@id":"https:\/\/www.efcz.cz\/overal-jako-symbol-kosmickeho-veku\/","headline":"Overal jako symbol kosmick\u00e9ho v\u011bku","url":"https:\/\/www.efcz.cz\/overal-jako-symbol-kosmickeho-veku\/","datePublished":"2025-03-05","dateModified":"2023-04-30","mainEntityOfPage":"https:\/\/www.efcz.cz\/overal-jako-symbol-kosmickeho-veku\/","author":{"@type":"Person","@id":"https:\/\/www.efcz.cz\/author\/#Person","name":"efcz.cz\n","url":"https:\/\/www.efcz.cz\/author\/","identifier":1,"image":{"@type":"ImageObject","@id":"https:\/\/secure.gravatar.com\/avatar\/1e120f96477763896a9e7ab3663c076bf8b67ca32fa1a5943b70761da502a7a7?s=96&d=mm&r=g","url":"https:\/\/secure.gravatar.com\/avatar\/1e120f96477763896a9e7ab3663c076bf8b67ca32fa1a5943b70761da502a7a7?s=96&d=mm&r=g","height":96,"width":96}},"publisher":{"@type":"Organization","name":"efcz.cz","logo":{"@type":"ImageObject","@id":"\/logo.png","url":"\/logo.png","width":600,"height":60}},"image":{"@type":"ImageObject","@id":"https:\/\/www.efcz.cz\/wp-content\/uploads\/img_a341189_w2117_t1553947855.jpg","url":"https:\/\/www.efcz.cz\/wp-content\/uploads\/img_a341189_w2117_t1553947855.jpg","height":0,"width":0},"wordCount":537,"keywords":null},{"@type":"Article","@id":"https:\/\/www.efcz.cz\/netradicni-uskladneni-hub\/","headline":"Netradi\u010dn\u00ed uskladn\u011bn\u00ed hub","url":"https:\/\/www.efcz.cz\/netradicni-uskladneni-hub\/","datePublished":"2025-03-04","dateModified":"2023-04-30","mainEntityOfPage":"https:\/\/www.efcz.cz\/netradicni-uskladneni-hub\/","author":{"@type":"Person","@id":"https:\/\/www.efcz.cz\/author\/#Person","name":"efcz.cz\n","url":"https:\/\/www.efcz.cz\/author\/","identifier":1,"image":{"@type":"ImageObject","@id":"https:\/\/secure.gravatar.com\/avatar\/1e120f96477763896a9e7ab3663c076bf8b67ca32fa1a5943b70761da502a7a7?s=96&d=mm&r=g","url":"https:\/\/secure.gravatar.com\/avatar\/1e120f96477763896a9e7ab3663c076bf8b67ca32fa1a5943b70761da502a7a7?s=96&d=mm&r=g","height":96,"width":96}},"publisher":{"@type":"Organization","name":"efcz.cz","logo":{"@type":"ImageObject","@id":"\/logo.png","url":"\/logo.png","width":600,"height":60}},"image":{"@type":"ImageObject","@id":"https:\/\/www.efcz.cz\/wp-content\/uploads\/img_a303097_w2117_t1513269546.jpg","url":"https:\/\/www.efcz.cz\/wp-content\/uploads\/img_a303097_w2117_t1513269546.jpg","height":0,"width":0},"wordCount":510,"keywords":null},{"@type":"Article","@id":"https:\/\/www.efcz.cz\/nechte-se-kralovsky-hyckat\/","headline":"Nechte se kr\u00e1lovsky h\u00fd\u010dkat","url":"https:\/\/www.efcz.cz\/nechte-se-kralovsky-hyckat\/","datePublished":"2025-03-04","dateModified":"2023-04-30","mainEntityOfPage":"https:\/\/www.efcz.cz\/nechte-se-kralovsky-hyckat\/","author":{"@type":"Person","@id":"https:\/\/www.efcz.cz\/author\/#Person","name":"efcz.cz\n","url":"https:\/\/www.efcz.cz\/author\/","identifier":1,"image":{"@type":"ImageObject","@id":"https:\/\/secure.gravatar.com\/avatar\/1e120f96477763896a9e7ab3663c076bf8b67ca32fa1a5943b70761da502a7a7?s=96&d=mm&r=g","url":"https:\/\/secure.gravatar.com\/avatar\/1e120f96477763896a9e7ab3663c076bf8b67ca32fa1a5943b70761da502a7a7?s=96&d=mm&r=g","height":96,"width":96}},"publisher":{"@type":"Organization","name":"efcz.cz","logo":{"@type":"ImageObject","@id":"\/logo.png","url":"\/logo.png","width":600,"height":60}},"image":{"@type":"ImageObject","@id":"https:\/\/www.efcz.cz\/wp-content\/uploads\/img_a294471_w2117_t1506406050.jpg","url":"https:\/\/www.efcz.cz\/wp-content\/uploads\/img_a294471_w2117_t1506406050.jpg","height":0,"width":0},"wordCount":504,"keywords":null},{"@type":"Article","@id":"https:\/\/www.efcz.cz\/pouzivejte-na-vlasy-prirodni-prostredky\/","headline":"Pou\u017e\u00edvejte na vlasy p\u0159\u00edrodn\u00ed prost\u0159edky","url":"https:\/\/www.efcz.cz\/pouzivejte-na-vlasy-prirodni-prostredky\/","datePublished":"2025-03-03","dateModified":"2023-04-30","mainEntityOfPage":"https:\/\/www.efcz.cz\/pouzivejte-na-vlasy-prirodni-prostredky\/","author":{"@type":"Person","@id":"https:\/\/www.efcz.cz\/author\/#Person","name":"efcz.cz\n","url":"https:\/\/www.efcz.cz\/author\/","identifier":1,"image":{"@type":"ImageObject","@id":"https:\/\/secure.gravatar.com\/avatar\/1e120f96477763896a9e7ab3663c076bf8b67ca32fa1a5943b70761da502a7a7?s=96&d=mm&r=g","url":"https:\/\/secure.gravatar.com\/avatar\/1e120f96477763896a9e7ab3663c076bf8b67ca32fa1a5943b70761da502a7a7?s=96&d=mm&r=g","height":96,"width":96}},"publisher":{"@type":"Organization","name":"efcz.cz","logo":{"@type":"ImageObject","@id":"\/logo.png","url":"\/logo.png","width":600,"height":60}},"image":{"@type":"ImageObject","@id":"https:\/\/www.efcz.cz\/wp-content\/uploads\/img_a303672_w2117_t1514322838.jpg","url":"https:\/\/www.efcz.cz\/wp-content\/uploads\/img_a303672_w2117_t1514322838.jpg","height":0,"width":0},"wordCount":2485,"keywords":null},{"@type":"Article","@id":"https:\/\/www.efcz.cz\/jak-efektivne-s-penezi-nakladat\/","headline":"Jak efektivn\u011b s pen\u011bzi nakl\u00e1dat?","url":"https:\/\/www.efcz.cz\/jak-efektivne-s-penezi-nakladat\/","datePublished":"2025-03-03","dateModified":"2023-04-30","mainEntityOfPage":"https:\/\/www.efcz.cz\/jak-efektivne-s-penezi-nakladat\/","author":{"@type":"Person","@id":"https:\/\/www.efcz.cz\/author\/#Person","name":"efcz.cz\n","url":"https:\/\/www.efcz.cz\/author\/","identifier":1,"image":{"@type":"ImageObject","@id":"https:\/\/secure.gravatar.com\/avatar\/1e120f96477763896a9e7ab3663c076bf8b67ca32fa1a5943b70761da502a7a7?s=96&d=mm&r=g","url":"https:\/\/secure.gravatar.com\/avatar\/1e120f96477763896a9e7ab3663c076bf8b67ca32fa1a5943b70761da502a7a7?s=96&d=mm&r=g","height":96,"width":96}},"publisher":{"@type":"Organization","name":"efcz.cz","logo":{"@type":"ImageObject","@id":"\/logo.png","url":"\/logo.png","width":600,"height":60}},"image":{"@type":"ImageObject","@id":"https:\/\/www.efcz.cz\/wp-content\/uploads\/img_a303638_w2117_t1514238711.jpg","url":"https:\/\/www.efcz.cz\/wp-content\/uploads\/img_a303638_w2117_t1514238711.jpg","height":0,"width":0},"wordCount":519,"keywords":null},{"@type":"Article","@id":"https:\/\/www.efcz.cz\/kdy-je-ten-spravny-cas-na-kapesne\/","headline":"Kdy je ten spr\u00e1vn\u00fd \u010das na kapesn\u00e9","url":"https:\/\/www.efcz.cz\/kdy-je-ten-spravny-cas-na-kapesne\/","datePublished":"2025-03-03","dateModified":"2023-04-30","mainEntityOfPage":"https:\/\/www.efcz.cz\/kdy-je-ten-spravny-cas-na-kapesne\/","author":{"@type":"Person","@id":"https:\/\/www.efcz.cz\/author\/#Person","name":"efcz.cz\n","url":"https:\/\/www.efcz.cz\/author\/","identifier":1,"image":{"@type":"ImageObject","@id":"https:\/\/secure.gravatar.com\/avatar\/1e120f96477763896a9e7ab3663c076bf8b67ca32fa1a5943b70761da502a7a7?s=96&d=mm&r=g","url":"https:\/\/secure.gravatar.com\/avatar\/1e120f96477763896a9e7ab3663c076bf8b67ca32fa1a5943b70761da502a7a7?s=96&d=mm&r=g","height":96,"width":96}},"publisher":{"@type":"Organization","name":"efcz.cz","logo":{"@type":"ImageObject","@id":"\/logo.png","url":"\/logo.png","width":600,"height":60}},"image":{"@type":"ImageObject","@id":"https:\/\/www.efcz.cz\/wp-content\/uploads\/img_a320632_w2117_t1531944478.jpg","url":"https:\/\/www.efcz.cz\/wp-content\/uploads\/img_a320632_w2117_t1531944478.jpg","height":0,"width":0},"wordCount":681,"keywords":null},{"@type":"Article","@id":"https:\/\/www.efcz.cz\/co-delat-kdyz-chci-dite-prihlasit-do-skoly-v-jine-oblasti\/","headline":"Co d\u011blat, kdy\u017e chci d\u00edt\u011b p\u0159ihl\u00e1sit do \u0161koly v jin\u00e9 oblasti","url":"https:\/\/www.efcz.cz\/co-delat-kdyz-chci-dite-prihlasit-do-skoly-v-jine-oblasti\/","datePublished":"2025-03-03","dateModified":"2023-04-30","mainEntityOfPage":"https:\/\/www.efcz.cz\/co-delat-kdyz-chci-dite-prihlasit-do-skoly-v-jine-oblasti\/","author":{"@type":"Person","@id":"https:\/\/www.efcz.cz\/author\/#Person","name":"efcz.cz\n","url":"https:\/\/www.efcz.cz\/author\/","identifier":1,"image":{"@type":"ImageObject","@id":"https:\/\/secure.gravatar.com\/avatar\/1e120f96477763896a9e7ab3663c076bf8b67ca32fa1a5943b70761da502a7a7?s=96&d=mm&r=g","url":"https:\/\/secure.gravatar.com\/avatar\/1e120f96477763896a9e7ab3663c076bf8b67ca32fa1a5943b70761da502a7a7?s=96&d=mm&r=g","height":96,"width":96}},"publisher":{"@type":"Organization","name":"efcz.cz","logo":{"@type":"ImageObject","@id":"\/logo.png","url":"\/logo.png","width":600,"height":60}},"image":{"@type":"ImageObject","@id":"https:\/\/www.efcz.cz\/wp-content\/uploads\/img_a296218_w2117_t1507396054.jpg","url":"https:\/\/www.efcz.cz\/wp-content\/uploads\/img_a296218_w2117_t1507396054.jpg","height":0,"width":0},"wordCount":517,"keywords":null},{"@type":"Article","@id":"https:\/\/www.efcz.cz\/6-zajimavych-faktu-o-internetu\/","headline":"6 zaj\u00edmav\u00fdch fakt\u016f o internetu","url":"https:\/\/www.efcz.cz\/6-zajimavych-faktu-o-internetu\/","datePublished":"2025-03-03","dateModified":"2023-04-30","mainEntityOfPage":"https:\/\/www.efcz.cz\/6-zajimavych-faktu-o-internetu\/","author":{"@type":"Person","@id":"https:\/\/www.efcz.cz\/author\/#Person","name":"efcz.cz\n","url":"https:\/\/www.efcz.cz\/author\/","identifier":1,"image":{"@type":"ImageObject","@id":"https:\/\/secure.gravatar.com\/avatar\/1e120f96477763896a9e7ab3663c076bf8b67ca32fa1a5943b70761da502a7a7?s=96&d=mm&r=g","url":"https:\/\/secure.gravatar.com\/avatar\/1e120f96477763896a9e7ab3663c076bf8b67ca32fa1a5943b70761da502a7a7?s=96&d=mm&r=g","height":96,"width":96}},"publisher":{"@type":"Organization","name":"efcz.cz","logo":{"@type":"ImageObject","@id":"\/logo.png","url":"\/logo.png","width":600,"height":60}},"image":{"@type":"ImageObject","@id":"https:\/\/www.efcz.cz\/wp-content\/uploads\/img_a304224_w2117_t1515244110.jpg","url":"https:\/\/www.efcz.cz\/wp-content\/uploads\/img_a304224_w2117_t1515244110.jpg","height":0,"width":0},"wordCount":444,"keywords":null},{"@type":"Article","@id":"https:\/\/www.efcz.cz\/penize-nejsou-vsechno\/","headline":"Pen\u00edze nejsou v\u0161echno?","url":"https:\/\/www.efcz.cz\/penize-nejsou-vsechno\/","datePublished":"2025-03-02","dateModified":"2023-04-30","mainEntityOfPage":"https:\/\/www.efcz.cz\/penize-nejsou-vsechno\/","author":{"@type":"Person","@id":"https:\/\/www.efcz.cz\/author\/#Person","name":"efcz.cz\n","url":"https:\/\/www.efcz.cz\/author\/","identifier":1,"image":{"@type":"ImageObject","@id":"https:\/\/secure.gravatar.com\/avatar\/1e120f96477763896a9e7ab3663c076bf8b67ca32fa1a5943b70761da502a7a7?s=96&d=mm&r=g","url":"https:\/\/secure.gravatar.com\/avatar\/1e120f96477763896a9e7ab3663c076bf8b67ca32fa1a5943b70761da502a7a7?s=96&d=mm&r=g","height":96,"width":96}},"publisher":{"@type":"Organization","name":"efcz.cz","logo":{"@type":"ImageObject","@id":"\/logo.png","url":"\/logo.png","width":600,"height":60}},"image":{"@type":"ImageObject","@id":"https:\/\/www.efcz.cz\/wp-content\/uploads\/img_a304582_w2117_t1515619678.jpg","url":"https:\/\/www.efcz.cz\/wp-content\/uploads\/img_a304582_w2117_t1515619678.jpg","height":0,"width":0},"wordCount":518,"keywords":null},{"@type":"Article","@id":"https:\/\/www.efcz.cz\/zakladni-internetove-pojmy\/","headline":"Z\u00e1kladn\u00ed internetov\u00e9 pojmy","url":"https:\/\/www.efcz.cz\/zakladni-internetove-pojmy\/","datePublished":"2025-03-02","dateModified":"2023-04-30","mainEntityOfPage":"https:\/\/www.efcz.cz\/zakladni-internetove-pojmy\/","author":{"@type":"Person","@id":"https:\/\/www.efcz.cz\/author\/#Person","name":"efcz.cz\n","url":"https:\/\/www.efcz.cz\/author\/","identifier":1,"image":{"@type":"ImageObject","@id":"https:\/\/secure.gravatar.com\/avatar\/1e120f96477763896a9e7ab3663c076bf8b67ca32fa1a5943b70761da502a7a7?s=96&d=mm&r=g","url":"https:\/\/secure.gravatar.com\/avatar\/1e120f96477763896a9e7ab3663c076bf8b67ca32fa1a5943b70761da502a7a7?s=96&d=mm&r=g","height":96,"width":96}},"publisher":{"@type":"Organization","name":"efcz.cz","logo":{"@type":"ImageObject","@id":"\/logo.png","url":"\/logo.png","width":600,"height":60}},"image":{"@type":"ImageObject","@id":"https:\/\/www.efcz.cz\/wp-content\/uploads\/img_a312002_w2117_t1523043002.jpg","url":"https:\/\/www.efcz.cz\/wp-content\/uploads\/img_a312002_w2117_t1523043002.jpg","height":0,"width":0},"wordCount":463,"keywords":null}]},{"@context":"https:\/\/schema.org","@type":"WebSite","@id":"https:\/\/www.efcz.cz\/#website","name":"Efcz","url":"https:\/\/www.efcz.cz","potentialAction":{"@type":"SearchAction","target":"https:\/\/www.efcz.cz\/?s={search_term_string}","query-input":"required name=search_term_string"}}]