[{"@context":"https:\/\/schema.org\/","@type":"Blog","@id":"https:\/\/www.efcz.cz#Blog","headline":"Efcz","description":"\nNen\u00ed nic lep\u0161\u00edho, ne\u017e voln\u00e9 chv\u00edle, kter\u00e9 m\u016f\u017eete str\u00e1vit t\u0159eba \u010dten\u00edm. Pot\u011b\u0161te se tedy po\u0159\u00e1d p\u0159ipraven\u00fdm online magaz\u00ednem a jeho pestr\u00fdm obsahem.","url":"https:\/\/www.efcz.cz","hasPart":[{"@type":"Article","@id":"https:\/\/www.efcz.cz\/povleceni-na-postele\/","headline":"Povle\u010den\u00ed na postele","url":"https:\/\/www.efcz.cz\/povleceni-na-postele\/","datePublished":"2025-01-30","dateModified":"2025-01-30","mainEntityOfPage":"https:\/\/www.efcz.cz\/povleceni-na-postele\/","author":{"@type":"Person","@id":"https:\/\/www.efcz.cz\/author\/#Person","name":"efcz.cz\n","url":"https:\/\/www.efcz.cz\/author\/","identifier":1,"image":{"@type":"ImageObject","@id":"https:\/\/secure.gravatar.com\/avatar\/1e120f96477763896a9e7ab3663c076bf8b67ca32fa1a5943b70761da502a7a7?s=96&d=mm&r=g","url":"https:\/\/secure.gravatar.com\/avatar\/1e120f96477763896a9e7ab3663c076bf8b67ca32fa1a5943b70761da502a7a7?s=96&d=mm&r=g","height":96,"width":96}},"publisher":{"@type":"Organization","name":"efcz.cz","logo":{"@type":"ImageObject","@id":"\/logo.png","url":"\/logo.png","width":600,"height":60}},"image":null,"wordCount":258,"keywords":null},{"@type":"Article","@id":"https:\/\/www.efcz.cz\/objednejte-si-z-nasi-siroke-nabidky-detskeho-zbozi\/","headline":"Objednejte si z na\u0161\u00ed \u0161irok\u00e9 nab\u00eddky d\u011btsk\u00e9ho zbo\u017e\u00ed","url":"https:\/\/www.efcz.cz\/objednejte-si-z-nasi-siroke-nabidky-detskeho-zbozi\/","datePublished":"2025-01-23","dateModified":"2025-01-23","mainEntityOfPage":"https:\/\/www.efcz.cz\/objednejte-si-z-nasi-siroke-nabidky-detskeho-zbozi\/","author":{"@type":"Person","@id":"https:\/\/www.efcz.cz\/author\/#Person","name":"efcz.cz\n","url":"https:\/\/www.efcz.cz\/author\/","identifier":1,"image":{"@type":"ImageObject","@id":"https:\/\/secure.gravatar.com\/avatar\/1e120f96477763896a9e7ab3663c076bf8b67ca32fa1a5943b70761da502a7a7?s=96&d=mm&r=g","url":"https:\/\/secure.gravatar.com\/avatar\/1e120f96477763896a9e7ab3663c076bf8b67ca32fa1a5943b70761da502a7a7?s=96&d=mm&r=g","height":96,"width":96}},"publisher":{"@type":"Organization","name":"efcz.cz","logo":{"@type":"ImageObject","@id":"\/logo.png","url":"\/logo.png","width":600,"height":60}},"image":null,"wordCount":220,"keywords":null},{"@type":"Article","@id":"https:\/\/www.efcz.cz\/jak-a-cim-vyzdobit-betonove-oploceni-tipy-pro-originalni-vzhled\/","headline":"Jak a \u010d\u00edm vyzdobit betonov\u00e9 oplocen\u00ed: Tipy pro origin\u00e1ln\u00ed vzhled","url":"https:\/\/www.efcz.cz\/jak-a-cim-vyzdobit-betonove-oploceni-tipy-pro-originalni-vzhled\/","datePublished":"2025-01-19","dateModified":"2025-01-19","mainEntityOfPage":"https:\/\/www.efcz.cz\/jak-a-cim-vyzdobit-betonove-oploceni-tipy-pro-originalni-vzhled\/","author":{"@type":"Person","@id":"https:\/\/www.efcz.cz\/author\/#Person","name":"efcz.cz\n","url":"https:\/\/www.efcz.cz\/author\/","identifier":1,"image":{"@type":"ImageObject","@id":"https:\/\/secure.gravatar.com\/avatar\/1e120f96477763896a9e7ab3663c076bf8b67ca32fa1a5943b70761da502a7a7?s=96&d=mm&r=g","url":"https:\/\/secure.gravatar.com\/avatar\/1e120f96477763896a9e7ab3663c076bf8b67ca32fa1a5943b70761da502a7a7?s=96&d=mm&r=g","height":96,"width":96}},"publisher":{"@type":"Organization","name":"efcz.cz","logo":{"@type":"ImageObject","@id":"\/logo.png","url":"\/logo.png","width":600,"height":60}},"image":{"@type":"ImageObject","@id":"https:\/\/www.efcz.cz\/wp-content\/uploads\/squirrel-8244590_640_1.jpg","url":"https:\/\/www.efcz.cz\/wp-content\/uploads\/squirrel-8244590_640_1.jpg","height":0,"width":0},"wordCount":473,"keywords":null},{"@type":"Article","@id":"https:\/\/www.efcz.cz\/zarucene-dobra-a-kvalitni-okna-s-tradici\/","headline":"Zaru\u010den\u011b dobr\u00e1 a kvalitn\u00ed okna s\u00a0tradic\u00ed","url":"https:\/\/www.efcz.cz\/zarucene-dobra-a-kvalitni-okna-s-tradici\/","datePublished":"2025-01-16","dateModified":"2025-01-16","mainEntityOfPage":"https:\/\/www.efcz.cz\/zarucene-dobra-a-kvalitni-okna-s-tradici\/","author":{"@type":"Person","@id":"https:\/\/www.efcz.cz\/author\/#Person","name":"efcz.cz\n","url":"https:\/\/www.efcz.cz\/author\/","identifier":1,"image":{"@type":"ImageObject","@id":"https:\/\/secure.gravatar.com\/avatar\/1e120f96477763896a9e7ab3663c076bf8b67ca32fa1a5943b70761da502a7a7?s=96&d=mm&r=g","url":"https:\/\/secure.gravatar.com\/avatar\/1e120f96477763896a9e7ab3663c076bf8b67ca32fa1a5943b70761da502a7a7?s=96&d=mm&r=g","height":96,"width":96}},"publisher":{"@type":"Organization","name":"efcz.cz","logo":{"@type":"ImageObject","@id":"\/logo.png","url":"\/logo.png","width":600,"height":60}},"image":null,"wordCount":208,"keywords":null},{"@type":"Article","@id":"https:\/\/www.efcz.cz\/svetliky\/","headline":"Sv\u011btl\u00edky","url":"https:\/\/www.efcz.cz\/svetliky\/","datePublished":"2025-01-12","dateModified":"2025-01-12","mainEntityOfPage":"https:\/\/www.efcz.cz\/svetliky\/","author":{"@type":"Person","@id":"https:\/\/www.efcz.cz\/author\/#Person","name":"efcz.cz\n","url":"https:\/\/www.efcz.cz\/author\/","identifier":1,"image":{"@type":"ImageObject","@id":"https:\/\/secure.gravatar.com\/avatar\/1e120f96477763896a9e7ab3663c076bf8b67ca32fa1a5943b70761da502a7a7?s=96&d=mm&r=g","url":"https:\/\/secure.gravatar.com\/avatar\/1e120f96477763896a9e7ab3663c076bf8b67ca32fa1a5943b70761da502a7a7?s=96&d=mm&r=g","height":96,"width":96}},"publisher":{"@type":"Organization","name":"efcz.cz","logo":{"@type":"ImageObject","@id":"\/logo.png","url":"\/logo.png","width":600,"height":60}},"image":null,"wordCount":218,"keywords":null},{"@type":"Article","@id":"https:\/\/www.efcz.cz\/bydleni-vhodne-pro-vsechny-vekove-kategorie\/","headline":"Bydlen\u00ed vhodn\u00e9 pro v\u0161echny v\u011bkov\u00e9 kategorie","url":"https:\/\/www.efcz.cz\/bydleni-vhodne-pro-vsechny-vekove-kategorie\/","datePublished":"2025-01-03","dateModified":"2025-01-03","mainEntityOfPage":"https:\/\/www.efcz.cz\/bydleni-vhodne-pro-vsechny-vekove-kategorie\/","author":{"@type":"Person","@id":"https:\/\/www.efcz.cz\/author\/#Person","name":"efcz.cz\n","url":"https:\/\/www.efcz.cz\/author\/","identifier":1,"image":{"@type":"ImageObject","@id":"https:\/\/secure.gravatar.com\/avatar\/1e120f96477763896a9e7ab3663c076bf8b67ca32fa1a5943b70761da502a7a7?s=96&d=mm&r=g","url":"https:\/\/secure.gravatar.com\/avatar\/1e120f96477763896a9e7ab3663c076bf8b67ca32fa1a5943b70761da502a7a7?s=96&d=mm&r=g","height":96,"width":96}},"publisher":{"@type":"Organization","name":"efcz.cz","logo":{"@type":"ImageObject","@id":"\/logo.png","url":"\/logo.png","width":600,"height":60}},"image":null,"wordCount":237,"keywords":null},{"@type":"Article","@id":"https:\/\/www.efcz.cz\/abyste-nebyli-smutni\/","headline":"Abyste nebyli smutn\u00ed","url":"https:\/\/www.efcz.cz\/abyste-nebyli-smutni\/","datePublished":"2024-12-26","dateModified":"2024-12-26","mainEntityOfPage":"https:\/\/www.efcz.cz\/abyste-nebyli-smutni\/","author":{"@type":"Person","@id":"https:\/\/www.efcz.cz\/author\/#Person","name":"efcz.cz\n","url":"https:\/\/www.efcz.cz\/author\/","identifier":1,"image":{"@type":"ImageObject","@id":"https:\/\/secure.gravatar.com\/avatar\/1e120f96477763896a9e7ab3663c076bf8b67ca32fa1a5943b70761da502a7a7?s=96&d=mm&r=g","url":"https:\/\/secure.gravatar.com\/avatar\/1e120f96477763896a9e7ab3663c076bf8b67ca32fa1a5943b70761da502a7a7?s=96&d=mm&r=g","height":96,"width":96}},"publisher":{"@type":"Organization","name":"efcz.cz","logo":{"@type":"ImageObject","@id":"\/logo.png","url":"\/logo.png","width":600,"height":60}},"image":null,"wordCount":239,"keywords":null},{"@type":"Article","@id":"https:\/\/www.efcz.cz\/sazeni-jako-konicek\/","headline":"S\u00e1zen\u00ed jako kon\u00ed\u010dek?","url":"https:\/\/www.efcz.cz\/sazeni-jako-konicek\/","datePublished":"2024-12-23","dateModified":"2024-12-23","mainEntityOfPage":"https:\/\/www.efcz.cz\/sazeni-jako-konicek\/","author":{"@type":"Person","@id":"https:\/\/www.efcz.cz\/author\/#Person","name":"efcz.cz\n","url":"https:\/\/www.efcz.cz\/author\/","identifier":1,"image":{"@type":"ImageObject","@id":"https:\/\/secure.gravatar.com\/avatar\/1e120f96477763896a9e7ab3663c076bf8b67ca32fa1a5943b70761da502a7a7?s=96&d=mm&r=g","url":"https:\/\/secure.gravatar.com\/avatar\/1e120f96477763896a9e7ab3663c076bf8b67ca32fa1a5943b70761da502a7a7?s=96&d=mm&r=g","height":96,"width":96}},"publisher":{"@type":"Organization","name":"efcz.cz","logo":{"@type":"ImageObject","@id":"\/logo.png","url":"\/logo.png","width":600,"height":60}},"image":{"@type":"ImageObject","@id":"https:\/\/www.efcz.cz\/wp-content\/uploads\/duel-2042593_640_1.jpg","url":"https:\/\/www.efcz.cz\/wp-content\/uploads\/duel-2042593_640_1.jpg","height":0,"width":0},"wordCount":632,"keywords":null},{"@type":"Article","@id":"https:\/\/www.efcz.cz\/podrobne-informace-pro-pasivni-sportovce\/","headline":"Podrobn\u00e9 informace pro pasivn\u00ed sportovce!","url":"https:\/\/www.efcz.cz\/podrobne-informace-pro-pasivni-sportovce\/","datePublished":"2024-12-20","dateModified":"2024-12-20","mainEntityOfPage":"https:\/\/www.efcz.cz\/podrobne-informace-pro-pasivni-sportovce\/","author":{"@type":"Person","@id":"https:\/\/www.efcz.cz\/author\/#Person","name":"efcz.cz\n","url":"https:\/\/www.efcz.cz\/author\/","identifier":1,"image":{"@type":"ImageObject","@id":"https:\/\/secure.gravatar.com\/avatar\/1e120f96477763896a9e7ab3663c076bf8b67ca32fa1a5943b70761da502a7a7?s=96&d=mm&r=g","url":"https:\/\/secure.gravatar.com\/avatar\/1e120f96477763896a9e7ab3663c076bf8b67ca32fa1a5943b70761da502a7a7?s=96&d=mm&r=g","height":96,"width":96}},"publisher":{"@type":"Organization","name":"efcz.cz","logo":{"@type":"ImageObject","@id":"\/logo.png","url":"\/logo.png","width":600,"height":60}},"image":null,"wordCount":200,"keywords":null},{"@type":"Article","@id":"https:\/\/www.efcz.cz\/prava-kavarna\/","headline":"Prav\u00e1 kav\u00e1rna","url":"https:\/\/www.efcz.cz\/prava-kavarna\/","datePublished":"2024-12-16","dateModified":"2024-12-16","mainEntityOfPage":"https:\/\/www.efcz.cz\/prava-kavarna\/","author":{"@type":"Person","@id":"https:\/\/www.efcz.cz\/author\/#Person","name":"efcz.cz\n","url":"https:\/\/www.efcz.cz\/author\/","identifier":1,"image":{"@type":"ImageObject","@id":"https:\/\/secure.gravatar.com\/avatar\/1e120f96477763896a9e7ab3663c076bf8b67ca32fa1a5943b70761da502a7a7?s=96&d=mm&r=g","url":"https:\/\/secure.gravatar.com\/avatar\/1e120f96477763896a9e7ab3663c076bf8b67ca32fa1a5943b70761da502a7a7?s=96&d=mm&r=g","height":96,"width":96}},"publisher":{"@type":"Organization","name":"efcz.cz","logo":{"@type":"ImageObject","@id":"\/logo.png","url":"\/logo.png","width":600,"height":60}},"image":null,"wordCount":231,"keywords":null}]},{"@context":"https:\/\/schema.org","@type":"WebSite","@id":"https:\/\/www.efcz.cz\/#website","name":"Efcz","url":"https:\/\/www.efcz.cz","potentialAction":{"@type":"SearchAction","target":"https:\/\/www.efcz.cz\/?s={search_term_string}","query-input":"required name=search_term_string"}}]