[{"@context":"https:\/\/schema.org\/","@type":"Blog","@id":"https:\/\/www.efcz.cz#Blog","headline":"Efcz","description":"\nNen\u00ed nic lep\u0161\u00edho, ne\u017e voln\u00e9 chv\u00edle, kter\u00e9 m\u016f\u017eete str\u00e1vit t\u0159eba \u010dten\u00edm. Pot\u011b\u0161te se tedy po\u0159\u00e1d p\u0159ipraven\u00fdm online magaz\u00ednem a jeho pestr\u00fdm obsahem.","url":"https:\/\/www.efcz.cz","hasPart":[{"@type":"Article","@id":"https:\/\/www.efcz.cz\/bydleni-vhodne-pro-vsechny-vekove-kategorie\/","headline":"Bydlen\u00ed vhodn\u00e9 pro v\u0161echny v\u011bkov\u00e9 kategorie","url":"https:\/\/www.efcz.cz\/bydleni-vhodne-pro-vsechny-vekove-kategorie\/","datePublished":"2025-01-03","dateModified":"2025-01-03","mainEntityOfPage":"https:\/\/www.efcz.cz\/bydleni-vhodne-pro-vsechny-vekove-kategorie\/","author":{"@type":"Person","@id":"https:\/\/www.efcz.cz\/author\/#Person","name":"efcz.cz\n","url":"https:\/\/www.efcz.cz\/author\/","identifier":1,"image":{"@type":"ImageObject","@id":"https:\/\/secure.gravatar.com\/avatar\/1e120f96477763896a9e7ab3663c076bf8b67ca32fa1a5943b70761da502a7a7?s=96&d=mm&r=g","url":"https:\/\/secure.gravatar.com\/avatar\/1e120f96477763896a9e7ab3663c076bf8b67ca32fa1a5943b70761da502a7a7?s=96&d=mm&r=g","height":96,"width":96}},"publisher":{"@type":"Organization","name":"efcz.cz","logo":{"@type":"ImageObject","@id":"\/logo.png","url":"\/logo.png","width":600,"height":60}},"image":null,"wordCount":237,"keywords":null},{"@type":"Article","@id":"https:\/\/www.efcz.cz\/abyste-nebyli-smutni\/","headline":"Abyste nebyli smutn\u00ed","url":"https:\/\/www.efcz.cz\/abyste-nebyli-smutni\/","datePublished":"2024-12-26","dateModified":"2024-12-26","mainEntityOfPage":"https:\/\/www.efcz.cz\/abyste-nebyli-smutni\/","author":{"@type":"Person","@id":"https:\/\/www.efcz.cz\/author\/#Person","name":"efcz.cz\n","url":"https:\/\/www.efcz.cz\/author\/","identifier":1,"image":{"@type":"ImageObject","@id":"https:\/\/secure.gravatar.com\/avatar\/1e120f96477763896a9e7ab3663c076bf8b67ca32fa1a5943b70761da502a7a7?s=96&d=mm&r=g","url":"https:\/\/secure.gravatar.com\/avatar\/1e120f96477763896a9e7ab3663c076bf8b67ca32fa1a5943b70761da502a7a7?s=96&d=mm&r=g","height":96,"width":96}},"publisher":{"@type":"Organization","name":"efcz.cz","logo":{"@type":"ImageObject","@id":"\/logo.png","url":"\/logo.png","width":600,"height":60}},"image":null,"wordCount":239,"keywords":null},{"@type":"Article","@id":"https:\/\/www.efcz.cz\/sazeni-jako-konicek\/","headline":"S\u00e1zen\u00ed jako kon\u00ed\u010dek?","url":"https:\/\/www.efcz.cz\/sazeni-jako-konicek\/","datePublished":"2024-12-23","dateModified":"2024-12-23","mainEntityOfPage":"https:\/\/www.efcz.cz\/sazeni-jako-konicek\/","author":{"@type":"Person","@id":"https:\/\/www.efcz.cz\/author\/#Person","name":"efcz.cz\n","url":"https:\/\/www.efcz.cz\/author\/","identifier":1,"image":{"@type":"ImageObject","@id":"https:\/\/secure.gravatar.com\/avatar\/1e120f96477763896a9e7ab3663c076bf8b67ca32fa1a5943b70761da502a7a7?s=96&d=mm&r=g","url":"https:\/\/secure.gravatar.com\/avatar\/1e120f96477763896a9e7ab3663c076bf8b67ca32fa1a5943b70761da502a7a7?s=96&d=mm&r=g","height":96,"width":96}},"publisher":{"@type":"Organization","name":"efcz.cz","logo":{"@type":"ImageObject","@id":"\/logo.png","url":"\/logo.png","width":600,"height":60}},"image":{"@type":"ImageObject","@id":"https:\/\/www.efcz.cz\/wp-content\/uploads\/duel-2042593_640_1.jpg","url":"https:\/\/www.efcz.cz\/wp-content\/uploads\/duel-2042593_640_1.jpg","height":0,"width":0},"wordCount":632,"keywords":null},{"@type":"Article","@id":"https:\/\/www.efcz.cz\/podrobne-informace-pro-pasivni-sportovce\/","headline":"Podrobn\u00e9 informace pro pasivn\u00ed sportovce!","url":"https:\/\/www.efcz.cz\/podrobne-informace-pro-pasivni-sportovce\/","datePublished":"2024-12-20","dateModified":"2024-12-20","mainEntityOfPage":"https:\/\/www.efcz.cz\/podrobne-informace-pro-pasivni-sportovce\/","author":{"@type":"Person","@id":"https:\/\/www.efcz.cz\/author\/#Person","name":"efcz.cz\n","url":"https:\/\/www.efcz.cz\/author\/","identifier":1,"image":{"@type":"ImageObject","@id":"https:\/\/secure.gravatar.com\/avatar\/1e120f96477763896a9e7ab3663c076bf8b67ca32fa1a5943b70761da502a7a7?s=96&d=mm&r=g","url":"https:\/\/secure.gravatar.com\/avatar\/1e120f96477763896a9e7ab3663c076bf8b67ca32fa1a5943b70761da502a7a7?s=96&d=mm&r=g","height":96,"width":96}},"publisher":{"@type":"Organization","name":"efcz.cz","logo":{"@type":"ImageObject","@id":"\/logo.png","url":"\/logo.png","width":600,"height":60}},"image":null,"wordCount":200,"keywords":null},{"@type":"Article","@id":"https:\/\/www.efcz.cz\/prava-kavarna\/","headline":"Prav\u00e1 kav\u00e1rna","url":"https:\/\/www.efcz.cz\/prava-kavarna\/","datePublished":"2024-12-16","dateModified":"2024-12-16","mainEntityOfPage":"https:\/\/www.efcz.cz\/prava-kavarna\/","author":{"@type":"Person","@id":"https:\/\/www.efcz.cz\/author\/#Person","name":"efcz.cz\n","url":"https:\/\/www.efcz.cz\/author\/","identifier":1,"image":{"@type":"ImageObject","@id":"https:\/\/secure.gravatar.com\/avatar\/1e120f96477763896a9e7ab3663c076bf8b67ca32fa1a5943b70761da502a7a7?s=96&d=mm&r=g","url":"https:\/\/secure.gravatar.com\/avatar\/1e120f96477763896a9e7ab3663c076bf8b67ca32fa1a5943b70761da502a7a7?s=96&d=mm&r=g","height":96,"width":96}},"publisher":{"@type":"Organization","name":"efcz.cz","logo":{"@type":"ImageObject","@id":"\/logo.png","url":"\/logo.png","width":600,"height":60}},"image":null,"wordCount":231,"keywords":null},{"@type":"Article","@id":"https:\/\/www.efcz.cz\/proc-bychom-se-namahali\/","headline":"Pro\u010d bychom se nam\u00e1hali?","url":"https:\/\/www.efcz.cz\/proc-bychom-se-namahali\/","datePublished":"2024-12-10","dateModified":"2024-12-10","mainEntityOfPage":"https:\/\/www.efcz.cz\/proc-bychom-se-namahali\/","author":{"@type":"Person","@id":"https:\/\/www.efcz.cz\/author\/#Person","name":"efcz.cz\n","url":"https:\/\/www.efcz.cz\/author\/","identifier":1,"image":{"@type":"ImageObject","@id":"https:\/\/secure.gravatar.com\/avatar\/1e120f96477763896a9e7ab3663c076bf8b67ca32fa1a5943b70761da502a7a7?s=96&d=mm&r=g","url":"https:\/\/secure.gravatar.com\/avatar\/1e120f96477763896a9e7ab3663c076bf8b67ca32fa1a5943b70761da502a7a7?s=96&d=mm&r=g","height":96,"width":96}},"publisher":{"@type":"Organization","name":"efcz.cz","logo":{"@type":"ImageObject","@id":"\/logo.png","url":"\/logo.png","width":600,"height":60}},"image":{"@type":"ImageObject","@id":"https:\/\/www.efcz.cz\/wp-content\/uploads\/ssssss_10_10_10_10_4.jpg","url":"https:\/\/www.efcz.cz\/wp-content\/uploads\/ssssss_10_10_10_10_4.jpg","height":0,"width":0},"wordCount":634,"keywords":null},{"@type":"Article","@id":"https:\/\/www.efcz.cz\/letni-obdobi-a-studene-mlsani-patri-k-sobe\/","headline":"Letn\u00ed obdob\u00ed a studen\u00e9 mls\u00e1n\u00ed pat\u0159\u00ed k sob\u011b","url":"https:\/\/www.efcz.cz\/letni-obdobi-a-studene-mlsani-patri-k-sobe\/","datePublished":"2024-12-06","dateModified":"2024-12-06","mainEntityOfPage":"https:\/\/www.efcz.cz\/letni-obdobi-a-studene-mlsani-patri-k-sobe\/","author":{"@type":"Person","@id":"https:\/\/www.efcz.cz\/author\/#Person","name":"efcz.cz\n","url":"https:\/\/www.efcz.cz\/author\/","identifier":1,"image":{"@type":"ImageObject","@id":"https:\/\/secure.gravatar.com\/avatar\/1e120f96477763896a9e7ab3663c076bf8b67ca32fa1a5943b70761da502a7a7?s=96&d=mm&r=g","url":"https:\/\/secure.gravatar.com\/avatar\/1e120f96477763896a9e7ab3663c076bf8b67ca32fa1a5943b70761da502a7a7?s=96&d=mm&r=g","height":96,"width":96}},"publisher":{"@type":"Organization","name":"efcz.cz","logo":{"@type":"ImageObject","@id":"\/logo.png","url":"\/logo.png","width":600,"height":60}},"image":null,"wordCount":220,"keywords":null},{"@type":"Article","@id":"https:\/\/www.efcz.cz\/zkratka-tvorba-webovych-stranek-jak-ma-byt\/","headline":"Zkr\u00e1tka tvorba webov\u00fdch str\u00e1nek jak m\u00e1 b\u00fdt","url":"https:\/\/www.efcz.cz\/zkratka-tvorba-webovych-stranek-jak-ma-byt\/","datePublished":"2024-11-30","dateModified":"2024-11-30","mainEntityOfPage":"https:\/\/www.efcz.cz\/zkratka-tvorba-webovych-stranek-jak-ma-byt\/","author":{"@type":"Person","@id":"https:\/\/www.efcz.cz\/author\/#Person","name":"efcz.cz\n","url":"https:\/\/www.efcz.cz\/author\/","identifier":1,"image":{"@type":"ImageObject","@id":"https:\/\/secure.gravatar.com\/avatar\/1e120f96477763896a9e7ab3663c076bf8b67ca32fa1a5943b70761da502a7a7?s=96&d=mm&r=g","url":"https:\/\/secure.gravatar.com\/avatar\/1e120f96477763896a9e7ab3663c076bf8b67ca32fa1a5943b70761da502a7a7?s=96&d=mm&r=g","height":96,"width":96}},"publisher":{"@type":"Organization","name":"efcz.cz","logo":{"@type":"ImageObject","@id":"\/logo.png","url":"\/logo.png","width":600,"height":60}},"image":null,"wordCount":209,"keywords":null},{"@type":"Article","@id":"https:\/\/www.efcz.cz\/cemu-se-vyhnout-pri-stehovani-do-zahranici\/","headline":"\u010cemu se vyhnout p\u0159i st\u011bhov\u00e1n\u00ed do zahrani\u010d\u00ed","url":"https:\/\/www.efcz.cz\/cemu-se-vyhnout-pri-stehovani-do-zahranici\/","datePublished":"2024-11-27","dateModified":"2024-11-27","mainEntityOfPage":"https:\/\/www.efcz.cz\/cemu-se-vyhnout-pri-stehovani-do-zahranici\/","author":{"@type":"Person","@id":"https:\/\/www.efcz.cz\/author\/#Person","name":"efcz.cz\n","url":"https:\/\/www.efcz.cz\/author\/","identifier":1,"image":{"@type":"ImageObject","@id":"https:\/\/secure.gravatar.com\/avatar\/1e120f96477763896a9e7ab3663c076bf8b67ca32fa1a5943b70761da502a7a7?s=96&d=mm&r=g","url":"https:\/\/secure.gravatar.com\/avatar\/1e120f96477763896a9e7ab3663c076bf8b67ca32fa1a5943b70761da502a7a7?s=96&d=mm&r=g","height":96,"width":96}},"publisher":{"@type":"Organization","name":"efcz.cz","logo":{"@type":"ImageObject","@id":"\/logo.png","url":"\/logo.png","width":600,"height":60}},"image":{"@type":"ImageObject","@id":"https:\/\/www.efcz.cz\/wp-content\/uploads\/cat-5453535_640_3.jpg","url":"https:\/\/www.efcz.cz\/wp-content\/uploads\/cat-5453535_640_3.jpg","height":0,"width":0},"wordCount":625,"keywords":null},{"@type":"Article","@id":"https:\/\/www.efcz.cz\/pestry-vyber-z-mnoha-variant-i-druhu\/","headline":"Pestr\u00fd v\u00fdb\u011br z mnoha variant i druh\u016f","url":"https:\/\/www.efcz.cz\/pestry-vyber-z-mnoha-variant-i-druhu\/","datePublished":"2024-11-26","dateModified":"2024-11-26","mainEntityOfPage":"https:\/\/www.efcz.cz\/pestry-vyber-z-mnoha-variant-i-druhu\/","author":{"@type":"Person","@id":"https:\/\/www.efcz.cz\/author\/#Person","name":"efcz.cz\n","url":"https:\/\/www.efcz.cz\/author\/","identifier":1,"image":{"@type":"ImageObject","@id":"https:\/\/secure.gravatar.com\/avatar\/1e120f96477763896a9e7ab3663c076bf8b67ca32fa1a5943b70761da502a7a7?s=96&d=mm&r=g","url":"https:\/\/secure.gravatar.com\/avatar\/1e120f96477763896a9e7ab3663c076bf8b67ca32fa1a5943b70761da502a7a7?s=96&d=mm&r=g","height":96,"width":96}},"publisher":{"@type":"Organization","name":"efcz.cz","logo":{"@type":"ImageObject","@id":"\/logo.png","url":"\/logo.png","width":600,"height":60}},"image":null,"wordCount":219,"keywords":null}]},{"@context":"https:\/\/schema.org","@type":"WebSite","@id":"https:\/\/www.efcz.cz\/#website","name":"Efcz","url":"https:\/\/www.efcz.cz","potentialAction":{"@type":"SearchAction","target":"https:\/\/www.efcz.cz\/?s={search_term_string}","query-input":"required name=search_term_string"}}]