[{"@context":"https:\/\/schema.org\/","@type":"Article","@id":"https:\/\/www.efcz.cz\/prakticka-elegance\/#Article","mainEntityOfPage":"https:\/\/www.efcz.cz\/prakticka-elegance\/","headline":"Praktick\u00e1 elegance","name":"Praktick\u00e1 elegance","description":"Vybaven\u00ed do bytu by sice m\u011blo fungovat i jako dekorace, ale ze v\u0161eho nejv\u00edce by se m\u011blo jednat o praktick\u00e9 dopl\u0148ky, z nich\u017e budeme m\u00edt v\u011bt\u0161\u00ed prosp\u011bch ne\u017e jen mo\u017enost kochat se nov\u00fdm vizu\u00e1ln\u011b p\u0159ita\u017eliv\u00fdm prvkem. To plat\u00ed zejm\u00e9na o n\u00e1bytku. Vzhledem k tomu, \u017ee toho by dle nejnov\u011bj\u0161\u00edch trend\u016f m\u011blo b\u00fdt v m\u00edstnosti co nejm\u00e9n\u011b, je d\u016fle\u017eit\u00e9, aby se jednalo, pokud mo\u017eno o v\u00edce\u00fa\u010delov\u00fd n\u00e1bytek. Toto krit\u00e9rium bezezbytku spl\u0148uj\u00ed rozkl\u00e1dac\u00ed pohovky, kter\u00e9 mohou fungovat nejen jako m\u00edsto k sezen\u00ed,&hellip;","datePublished":"2019-04-04","dateModified":"2023-04-30","author":{"@type":"Person","@id":"https:\/\/www.efcz.cz\/author\/#Person","name":"efcz.cz\n","url":"https:\/\/www.efcz.cz\/author\/","identifier":1,"image":{"@type":"ImageObject","@id":"https:\/\/secure.gravatar.com\/avatar\/1e120f96477763896a9e7ab3663c076bf8b67ca32fa1a5943b70761da502a7a7?s=96&d=mm&r=g","url":"https:\/\/secure.gravatar.com\/avatar\/1e120f96477763896a9e7ab3663c076bf8b67ca32fa1a5943b70761da502a7a7?s=96&d=mm&r=g","height":96,"width":96}},"publisher":{"@type":"Organization","name":"efcz.cz","logo":{"@type":"ImageObject","@id":"\/logo.png","url":"\/logo.png","width":600,"height":60}},"image":{"@type":"ImageObject","@id":"https:\/\/www.efcz.cz\/wp-content\/uploads\/img_a343443_w2117_t1556463161.jpg","url":"https:\/\/www.efcz.cz\/wp-content\/uploads\/img_a343443_w2117_t1556463161.jpg","height":0,"width":0},"url":"https:\/\/www.efcz.cz\/prakticka-elegance\/","about":["D\u016fm a byt"],"wordCount":418,"articleBody":" Vybaven\u00ed do bytu by sice m\u011blo fungovat i jako dekorace, ale ze v\u0161eho nejv\u00edce by se m\u011blo jednat o praktick\u00e9 dopl\u0148ky, z nich\u017e budeme m\u00edt v\u011bt\u0161\u00ed prosp\u011bch ne\u017e jen mo\u017enost kochat se nov\u00fdm vizu\u00e1ln\u011b p\u0159ita\u017eliv\u00fdm prvkem. To plat\u00ed zejm\u00e9na o n\u00e1bytku. Vzhledem k tomu, \u017ee toho by dle nejnov\u011bj\u0161\u00edch trend\u016f m\u011blo b\u00fdt v m\u00edstnosti co nejm\u00e9n\u011b, je d\u016fle\u017eit\u00e9, aby se jednalo, pokud mo\u017eno o v\u00edce\u00fa\u010delov\u00fd n\u00e1bytek. Toto krit\u00e9rium bezezbytku spl\u0148uj\u00ed rozkl\u00e1dac\u00ed pohovky, kter\u00e9 mohou fungovat nejen jako m\u00edsto k sezen\u00ed, ale tak\u00e9 se daj\u00ed vyu\u017e\u00edt i jako postele. Nejen na span\u00ed Vyu\u017eit\u00ed pro rozkl\u00e1dac\u00ed pohovku je dost jak v mal\u00e9m byte\u010dku, tak i ve velk\u00e9m domov\u011b. Jedn\u00e1 se v podstat\u011b o gau\u010d, kter\u00fd lze n\u011bkolika jednoduch\u00fdmi pohyby p\u0159estavit do podoby postele. Majitel\u00e9 men\u0161\u00edch obydl\u00ed tuto mo\u017enost ocen\u00ed asi nejv\u00edce, jeliko\u017e se takto v podstat\u011b mohou obej\u00edt bez klasick\u00e9ho l\u016f\u017eka a m\u00edsto toho pou\u017e\u00edvat rozkl\u00e1dac\u00ed pohovku. T\u00edm se jim uvoln\u00ed doma dal\u0161\u00ed m\u00edsto, kter\u00e9 mohou vyu\u017e\u00edt dle sv\u00fdch p\u0159edstav. Ve v\u011bt\u0161\u00edch p\u0159\u00edbytc\u00edch pak m\u016f\u017ee tento druh gau\u010de slou\u017eit jako nouzov\u00fd zp\u016fsob p\u0159esp\u00e1n\u00ed pro n\u00e1v\u0161t\u011bvy, kter\u00e9 se zdr\u017e\u00ed p\u0159es noc. Nav\u00edc rozkl\u00e1dac\u00ed pohovka m\u00e1 je\u0161t\u011b jednu d\u016fle\u017eitou vlastnost, a tou je prostor nav\u00edc, do kter\u00e9ho je mo\u017en\u00e9 ulo\u017eit co je pot\u0159eba. Pohodlnost jednotliv\u00fdch model\u016f samoz\u0159ejm\u011b z\u00e1vis\u00ed na tom, kdo je vyrobil a tak\u00e9 na cen\u011b. Ne v\u017edy v\u0161ak plat\u00ed, \u017ee \u010d\u00edm vy\u0161\u0161\u00ed cena, t\u00edm pohodln\u011bj\u0161\u00ed gau\u010d. Dbejte na kvalitu Vzhledem k tomu, \u017ee jsou rozkl\u00e1dac\u00ed modely ur\u010deny nejen pro sezen\u00ed, ale tak\u00e9 jako alternativa k l\u016f\u017ek\u016fm, je nutn\u00e9, aby byly je\u0161t\u011b odoln\u011bj\u0161\u00ed ne\u017e klasick\u00e9 gau\u010de, zvl\u00e1\u0161t\u011b pak, pokud se pou\u017e\u00edvaj\u00ed pro span\u00ed ka\u017ed\u00fd den. V opa\u010dn\u00e9m p\u0159\u00edpad\u011b se toti\u017e m\u016f\u017ee st\u00e1t, \u017ee si sice koup\u00edte pom\u011brn\u011b drah\u00e9 vybaven\u00ed, ale vzhledem k tomu, \u017ee ho budete a\u017e p\u0159\u00edli\u0161 zat\u011b\u017eovat, nebude v\u00e1m slou\u017eit p\u0159\u00edli\u0161 dlouho. Proto je v\u00fdhodn\u00e9 naj\u00edt si v\u00fdrobce, kter\u00fd m\u00e1 v tomto oboru dobr\u00e9 jm\u00e9no.                                                                                                                                                                                                                                                                                                                                                                                         4.5\/5 - (6 votes)        "},{"@context":"https:\/\/schema.org\/","@type":"BreadcrumbList","itemListElement":[{"@type":"ListItem","position":1,"name":"Praktick\u00e1 elegance","item":"https:\/\/www.efcz.cz\/prakticka-elegance\/#breadcrumbitem"}]}]