[{"@context":"https:\/\/schema.org\/","@type":"Article","@id":"https:\/\/www.efcz.cz\/prava-kavarna\/#Article","mainEntityOfPage":"https:\/\/www.efcz.cz\/prava-kavarna\/","headline":"Prav\u00e1 kav\u00e1rna","name":"Prav\u00e1 kav\u00e1rna","description":"Pro\u0161li jste se n\u011bkde kolem pra\u017e\u00edrny a zjistili jste, \u017ee je zrovna na prodej zelen\u00e1 k\u00e1va? Nemus\u00edte se toho v\u016fbec b\u00e1t a b\u011b\u017ete ji hned vyzkou\u0161et. Jedn\u00e1 se o odr\u016fdu, kter\u00e1 u n\u00e1s sice nen\u00ed moc zn\u00e1m\u00e1, ale ve sv\u011bt\u011b je velmi obl\u00edben\u00e1 a jist\u011b zachutn\u00e1 i v\u00e1m. Prav\u00e1 chu\u0165 Pokud si d\u00e1te n\u011bjak\u00fd n\u00e1poj p\u0159\u00edmo v pra\u017e\u00edrn\u011b, pak je to \u00fapln\u011b jin\u00e1 chu\u0165 a v\u016fn\u011b ne\u017e to, co pijete doma. P\u0159esto\u017ee si trochu p\u0159iplat\u00edte za slu\u017eby, i tak to&hellip;","datePublished":"2024-12-16","dateModified":"2024-12-16","author":{"@type":"Person","@id":"https:\/\/www.efcz.cz\/author\/#Person","name":"efcz.cz\n","url":"https:\/\/www.efcz.cz\/author\/","identifier":1,"image":{"@type":"ImageObject","@id":"https:\/\/secure.gravatar.com\/avatar\/1e120f96477763896a9e7ab3663c076bf8b67ca32fa1a5943b70761da502a7a7?s=96&d=mm&r=g","url":"https:\/\/secure.gravatar.com\/avatar\/1e120f96477763896a9e7ab3663c076bf8b67ca32fa1a5943b70761da502a7a7?s=96&d=mm&r=g","height":96,"width":96}},"publisher":{"@type":"Organization","name":"efcz.cz","logo":{"@type":"ImageObject","@id":"\/logo.png","url":"\/logo.png","width":600,"height":60}},"url":"https:\/\/www.efcz.cz\/prava-kavarna\/","wordCount":185,"articleBody":"Pro\u0161li jste se n\u011bkde kolem pra\u017e\u00edrny a zjistili jste, \u017ee je zrovna na prodej zelen\u00e1 k\u00e1va? Nemus\u00edte se toho v\u016fbec b\u00e1t a b\u011b\u017ete ji hned vyzkou\u0161et. Jedn\u00e1 se o odr\u016fdu, kter\u00e1 u n\u00e1s sice nen\u00ed moc zn\u00e1m\u00e1, ale ve sv\u011bt\u011b je velmi obl\u00edben\u00e1 a jist\u011b zachutn\u00e1 i v\u00e1m. Prav\u00e1 chu\u0165 Pokud si d\u00e1te n\u011bjak\u00fd n\u00e1poj p\u0159\u00edmo v pra\u017e\u00edrn\u011b, pak je to \u00fapln\u011b jin\u00e1 chu\u0165 a v\u016fn\u011b ne\u017e to, co pijete doma. P\u0159esto\u017ee si trochu p\u0159iplat\u00edte za slu\u017eby, i tak to za to jist\u011b stoj\u00ed. M\u016f\u017eete vyzkou\u0161et nejr\u016fzn\u011bj\u0161\u00ed druhy zrn a z\u00e1kusk\u016f, kter\u00e9 v\u00e1m tam nab\u00edzej\u00ed. Va\u0161\u00edm o\u010d\u00edm by nem\u011bla uniknout ani zelen\u00e1 k\u00e1va. Tato speci\u00e1ln\u00ed odr\u016fda se m\u016f\u017ee py\u0161nit skv\u011blou chut\u00ed a dobr\u00fdmi \u00fa\u010dinky na v\u00e1\u0161 organismus. Pokud nev\u00edte, co zrovna vyzkou\u0161et, pak si nechte poradit odborn\u00fdm person\u00e1lem, kter\u00fd v\u00e1m doporu\u010d\u00ed jejich nejv\u011bt\u0161\u00ed specialitu.                                                                                                                                                                                                                                                                                                                                                                                        4.3\/5 - (3 votes)        "},{"@context":"https:\/\/schema.org\/","@type":"BreadcrumbList","itemListElement":[{"@type":"ListItem","position":1,"name":"Prav\u00e1 kav\u00e1rna","item":"https:\/\/www.efcz.cz\/prava-kavarna\/#breadcrumbitem"}]}]