[{"@context":"https:\/\/schema.org\/","@type":"Article","@id":"https:\/\/www.efcz.cz\/prijedte-do-beskyd\/#Article","mainEntityOfPage":"https:\/\/www.efcz.cz\/prijedte-do-beskyd\/","headline":"P\u0159ije\u010fte do Beskyd","name":"P\u0159ije\u010fte do Beskyd","description":"Pr\u00e1zdniny jsou v pln\u00e9m proudu, a p\u0159esto se najde je\u0161t\u011b \u0159ada lid\u00ed, kte\u0159\u00ed nemaj\u00ed napl\u00e1novanou svou dovolenou. N\u011bkdo nem\u011bl je\u0161t\u011b \u010das o n\u00ed p\u0159em\u00fd\u0161let a n\u011bkdo \u010dek\u00e1na v\u00fdhodn\u00fd last minute, aby u\u0161et\u0159il p\u00e1r pen\u011bz. Pokud chcete z\u016fstat o dovolen\u00e9 v \u010cesk\u00e9 republice, nemus\u00edte u\u017e nic hledat, proto\u017ee my v\u00e1m chceme p\u0159edstavit ubytov\u00e1n\u00ed Doln\u00ed Lomn\u00e1 v Beskydech. Doln\u00ed Lomn\u00e1 le\u017e\u00ed kousek od hranic\u00ed se Slovenskem a tak\u00e9 s Polskem. Je to kout na\u0161\u00ed republiky, kter\u00fd nen\u00ed p\u0159et\u00ed\u017een\u00fd turismem, ale z\u00e1rove\u0148 nab\u00edz\u00ed&hellip;","datePublished":"2025-06-13","dateModified":"2025-06-13","author":{"@type":"Person","@id":"https:\/\/www.efcz.cz\/author\/#Person","name":"efcz.cz\n","url":"https:\/\/www.efcz.cz\/author\/","identifier":1,"image":{"@type":"ImageObject","@id":"https:\/\/secure.gravatar.com\/avatar\/1e120f96477763896a9e7ab3663c076bf8b67ca32fa1a5943b70761da502a7a7?s=96&d=mm&r=g","url":"https:\/\/secure.gravatar.com\/avatar\/1e120f96477763896a9e7ab3663c076bf8b67ca32fa1a5943b70761da502a7a7?s=96&d=mm&r=g","height":96,"width":96}},"publisher":{"@type":"Organization","name":"efcz.cz","logo":{"@type":"ImageObject","@id":"\/logo.png","url":"\/logo.png","width":600,"height":60}},"image":{"@type":"ImageObject","@id":"https:\/\/www.efcz.cz\/wp-content\/uploads\/country-3887888_640_5.jpg","url":"https:\/\/www.efcz.cz\/wp-content\/uploads\/country-3887888_640_5.jpg","height":0,"width":0},"url":"https:\/\/www.efcz.cz\/prijedte-do-beskyd\/","about":["Slu\u017eby"],"wordCount":407,"articleBody":"      Pr\u00e1zdniny jsou v pln\u00e9m proudu, a p\u0159esto se najde je\u0161t\u011b \u0159ada lid\u00ed, kte\u0159\u00ed nemaj\u00ed napl\u00e1novanou svou dovolenou. N\u011bkdo nem\u011bl je\u0161t\u011b \u010das o n\u00ed p\u0159em\u00fd\u0161let a n\u011bkdo \u010dek\u00e1na v\u00fdhodn\u00fd last minute, aby u\u0161et\u0159il p\u00e1r pen\u011bz. Pokud chcete z\u016fstat o dovolen\u00e9 v \u010cesk\u00e9 republice, nemus\u00edte u\u017e nic hledat, proto\u017ee my v\u00e1m chceme p\u0159edstavit ubytov\u00e1n\u00ed Doln\u00ed Lomn\u00e1 v Beskydech. Doln\u00ed Lomn\u00e1 le\u017e\u00ed kousek od hranic\u00ed se Slovenskem a tak\u00e9 s Polskem. Je to kout na\u0161\u00ed republiky, kter\u00fd nen\u00ed p\u0159et\u00ed\u017een\u00fd turismem, ale z\u00e1rove\u0148 nab\u00edz\u00ed \u0159adu aktivit, a to jak na l\u00e9to, tak i na zimu. Bl\u00edzkost sjezdovky je ide\u00e1ln\u00ed pro sjezdov\u00e9 cyklisty i pro ly\u017ea\u0159e. Z\u00e1rove\u0148 je na n\u00ed postaven\u00e1 i letn\u00ed bobov\u00e1 dr\u00e1ha. V tomto are\u00e1lu m\u016f\u017eete str\u00e1vit n\u011bkolik dn\u00ed va\u0161\u00ed dovolen\u00e9 a rozhodn\u011b se nebudete nudit. Dal\u0161\u00ed dny m\u016f\u017eete vyrazit p\u0159\u00edmo do kopc\u016f, kter\u00e9 nab\u00edz\u00ed jak lesn\u00ed ovoce, bor\u016fvkami se doslova m\u016f\u017eete nacpat, tak m\u016f\u017eete vyrazit i na h\u0159iby. A pokud pot\u0159ebujete den odpo\u010dinku, tak nechejte sv\u00e9 d\u011bti vydov\u00e1d\u011bt na d\u011btsk\u00e9m h\u0159i\u0161ti, kter\u00e9 je sou\u010d\u00e1st\u00ed penzionu a ve\u010der zakon\u010dete den ve wellnessu se saunou a v\u00ed\u0159ivkou. Pr\u00e1zdniny, to je dev\u011bt t\u00fddn\u016f, kter\u00e9 rozhodn\u011b v\u0161echny nechceme tr\u00e1vit doma. Vyr\u00e1\u017e\u00edme za odpo\u010dinkem, ale i za aktivitami, na kter\u00e9 b\u011bhem roku nem\u00e1me \u010das nebo kter\u00e9 se daj\u00ed provozovat jen v l\u00e9t\u011b.Pokud nezn\u00e1te Beskydy, m\u011bli byste jim v\u011bnovat t\u00fdden ze sv\u00e9 dovolen\u00e9 a poznat tento kout na\u0161\u00ed republiky, kter\u00fd nen\u00ed tak p\u0159epln\u011bn\u00fd turisty jako \u0160umava nebo Krkono\u0161e. Mo\u017en\u00e1 to budete m\u00edt d\u00e1le, ale kr\u00e1sn\u00e1 p\u0159\u00edroda v\u00e1m to jist\u011b vynahrad\u00ed. Penzion Rzehaczek v\u00e1m nab\u00eddne jak skv\u011bl\u00e9 ubytov\u00e1n\u00ed, tak v\u00e1m i porad\u00ed kam na v\u00fdlet podle v\u011bku va\u0161ich d\u011bt\u00ed a podle va\u0161\u00ed kondice. Nebo m\u016f\u017eete jen relaxovat v bl\u00edzk\u00e9m okol\u00ed penzionu, proto\u017ee i tam najdete v\u0161e, co ke spokojen\u00e9 dovolen\u00e9 pot\u0159ebujete. St\u00e1le v\u00e1h\u00e1te, kam na dovolenou? Beskydy na v\u00e1s \u010dekaj\u00ed s otev\u0159enou n\u00e1ru\u010d\u00ed, tak nev\u00e1hejte a hur\u00e1 na cestu!                                                                                                                                                                                                                                                                                                                                                                                          4.7\/5 - (3 votes)        "},{"@context":"https:\/\/schema.org\/","@type":"BreadcrumbList","itemListElement":[{"@type":"ListItem","position":1,"name":"P\u0159ije\u010fte do Beskyd","item":"https:\/\/www.efcz.cz\/prijedte-do-beskyd\/#breadcrumbitem"}]}]