{"@context":"https:\/\/schema.org\/","@type":"CollectionPage","@id":"https:\/\/www.efcz.cz\/sluzby\/#CollectionPage","headline":"Slu\u017eby Category","description":"","url":"https:\/\/www.efcz.cz\/sluzby\/","hasPart":[{"@type":"Article","@id":"https:\/\/www.efcz.cz\/nechte-si-uklidit\/","headline":"Nechte si uklidit","url":"https:\/\/www.efcz.cz\/nechte-si-uklidit\/","datePublished":"2025-03-02","dateModified":"2023-04-30","mainEntityOfPage":"https:\/\/www.efcz.cz\/nechte-si-uklidit\/","author":{"@type":"Person","@id":"https:\/\/www.efcz.cz\/author\/#Person","name":"efcz.cz\n","url":"https:\/\/www.efcz.cz\/author\/","identifier":1,"image":{"@type":"ImageObject","@id":"https:\/\/secure.gravatar.com\/avatar\/1e120f96477763896a9e7ab3663c076bf8b67ca32fa1a5943b70761da502a7a7?s=96&d=mm&r=g","url":"https:\/\/secure.gravatar.com\/avatar\/1e120f96477763896a9e7ab3663c076bf8b67ca32fa1a5943b70761da502a7a7?s=96&d=mm&r=g","height":96,"width":96}},"publisher":{"@type":"Organization","name":"efcz.cz","logo":{"@type":"ImageObject","@id":"\/logo.png","url":"\/logo.png","width":600,"height":60}},"image":{"@type":"ImageObject","@id":"https:\/\/www.efcz.cz\/wp-content\/uploads\/img_a311952_w2117_t1523018795.jpg","url":"https:\/\/www.efcz.cz\/wp-content\/uploads\/img_a311952_w2117_t1523018795.jpg","height":0,"width":0},"keywords":null},{"@type":"Article","@id":"https:\/\/www.efcz.cz\/sazeni-jako-konicek\/","headline":"S\u00e1zen\u00ed jako kon\u00ed\u010dek?","url":"https:\/\/www.efcz.cz\/sazeni-jako-konicek\/","datePublished":"2024-12-23","dateModified":"2024-12-23","mainEntityOfPage":"https:\/\/www.efcz.cz\/sazeni-jako-konicek\/","author":{"@type":"Person","@id":"https:\/\/www.efcz.cz\/author\/#Person","name":"efcz.cz\n","url":"https:\/\/www.efcz.cz\/author\/","identifier":1,"image":{"@type":"ImageObject","@id":"https:\/\/secure.gravatar.com\/avatar\/1e120f96477763896a9e7ab3663c076bf8b67ca32fa1a5943b70761da502a7a7?s=96&d=mm&r=g","url":"https:\/\/secure.gravatar.com\/avatar\/1e120f96477763896a9e7ab3663c076bf8b67ca32fa1a5943b70761da502a7a7?s=96&d=mm&r=g","height":96,"width":96}},"publisher":{"@type":"Organization","name":"efcz.cz","logo":{"@type":"ImageObject","@id":"\/logo.png","url":"\/logo.png","width":600,"height":60}},"image":{"@type":"ImageObject","@id":"https:\/\/www.efcz.cz\/wp-content\/uploads\/duel-2042593_640_1.jpg","url":"https:\/\/www.efcz.cz\/wp-content\/uploads\/duel-2042593_640_1.jpg","height":0,"width":0},"keywords":null},{"@type":"Article","@id":"https:\/\/www.efcz.cz\/proc-bychom-se-namahali\/","headline":"Pro\u010d bychom se nam\u00e1hali?","url":"https:\/\/www.efcz.cz\/proc-bychom-se-namahali\/","datePublished":"2024-12-10","dateModified":"2024-12-10","mainEntityOfPage":"https:\/\/www.efcz.cz\/proc-bychom-se-namahali\/","author":{"@type":"Person","@id":"https:\/\/www.efcz.cz\/author\/#Person","name":"efcz.cz\n","url":"https:\/\/www.efcz.cz\/author\/","identifier":1,"image":{"@type":"ImageObject","@id":"https:\/\/secure.gravatar.com\/avatar\/1e120f96477763896a9e7ab3663c076bf8b67ca32fa1a5943b70761da502a7a7?s=96&d=mm&r=g","url":"https:\/\/secure.gravatar.com\/avatar\/1e120f96477763896a9e7ab3663c076bf8b67ca32fa1a5943b70761da502a7a7?s=96&d=mm&r=g","height":96,"width":96}},"publisher":{"@type":"Organization","name":"efcz.cz","logo":{"@type":"ImageObject","@id":"\/logo.png","url":"\/logo.png","width":600,"height":60}},"image":{"@type":"ImageObject","@id":"https:\/\/www.efcz.cz\/wp-content\/uploads\/ssssss_10_10_10_10_4.jpg","url":"https:\/\/www.efcz.cz\/wp-content\/uploads\/ssssss_10_10_10_10_4.jpg","height":0,"width":0},"keywords":null},{"@type":"Article","@id":"https:\/\/www.efcz.cz\/cemu-se-vyhnout-pri-stehovani-do-zahranici\/","headline":"\u010cemu se vyhnout p\u0159i st\u011bhov\u00e1n\u00ed do zahrani\u010d\u00ed","url":"https:\/\/www.efcz.cz\/cemu-se-vyhnout-pri-stehovani-do-zahranici\/","datePublished":"2024-11-27","dateModified":"2024-11-27","mainEntityOfPage":"https:\/\/www.efcz.cz\/cemu-se-vyhnout-pri-stehovani-do-zahranici\/","author":{"@type":"Person","@id":"https:\/\/www.efcz.cz\/author\/#Person","name":"efcz.cz\n","url":"https:\/\/www.efcz.cz\/author\/","identifier":1,"image":{"@type":"ImageObject","@id":"https:\/\/secure.gravatar.com\/avatar\/1e120f96477763896a9e7ab3663c076bf8b67ca32fa1a5943b70761da502a7a7?s=96&d=mm&r=g","url":"https:\/\/secure.gravatar.com\/avatar\/1e120f96477763896a9e7ab3663c076bf8b67ca32fa1a5943b70761da502a7a7?s=96&d=mm&r=g","height":96,"width":96}},"publisher":{"@type":"Organization","name":"efcz.cz","logo":{"@type":"ImageObject","@id":"\/logo.png","url":"\/logo.png","width":600,"height":60}},"image":{"@type":"ImageObject","@id":"https:\/\/www.efcz.cz\/wp-content\/uploads\/cat-5453535_640_3.jpg","url":"https:\/\/www.efcz.cz\/wp-content\/uploads\/cat-5453535_640_3.jpg","height":0,"width":0},"keywords":null},{"@type":"Article","@id":"https:\/\/www.efcz.cz\/vyuziti-paruk\/","headline":"Vyu\u017eit\u00ed paruk","url":"https:\/\/www.efcz.cz\/vyuziti-paruk\/","datePublished":"2024-11-09","dateModified":"2024-11-09","mainEntityOfPage":"https:\/\/www.efcz.cz\/vyuziti-paruk\/","author":{"@type":"Person","@id":"https:\/\/www.efcz.cz\/author\/#Person","name":"efcz.cz\n","url":"https:\/\/www.efcz.cz\/author\/","identifier":1,"image":{"@type":"ImageObject","@id":"https:\/\/secure.gravatar.com\/avatar\/1e120f96477763896a9e7ab3663c076bf8b67ca32fa1a5943b70761da502a7a7?s=96&d=mm&r=g","url":"https:\/\/secure.gravatar.com\/avatar\/1e120f96477763896a9e7ab3663c076bf8b67ca32fa1a5943b70761da502a7a7?s=96&d=mm&r=g","height":96,"width":96}},"publisher":{"@type":"Organization","name":"efcz.cz","logo":{"@type":"ImageObject","@id":"\/logo.png","url":"\/logo.png","width":600,"height":60}},"image":{"@type":"ImageObject","@id":"https:\/\/www.efcz.cz\/wp-content\/uploads\/pexels-cottonbro-4718638_2.jpg","url":"https:\/\/www.efcz.cz\/wp-content\/uploads\/pexels-cottonbro-4718638_2.jpg","height":0,"width":0},"keywords":null},{"@type":"Article","@id":"https:\/\/www.efcz.cz\/vestavena-skrin-to-jsou-i-posuvne-dvere\/","headline":"Vestav\u011bn\u00e1 sk\u0159\u00ed\u0148 \u2013 to jsou i posuvn\u00e9 dve\u0159e","url":"https:\/\/www.efcz.cz\/vestavena-skrin-to-jsou-i-posuvne-dvere\/","datePublished":"2023-11-13","dateModified":"2023-11-13","mainEntityOfPage":"https:\/\/www.efcz.cz\/vestavena-skrin-to-jsou-i-posuvne-dvere\/","author":{"@type":"Person","@id":"https:\/\/www.efcz.cz\/author\/#Person","name":"efcz.cz\n","url":"https:\/\/www.efcz.cz\/author\/","identifier":1,"image":{"@type":"ImageObject","@id":"https:\/\/secure.gravatar.com\/avatar\/1e120f96477763896a9e7ab3663c076bf8b67ca32fa1a5943b70761da502a7a7?s=96&d=mm&r=g","url":"https:\/\/secure.gravatar.com\/avatar\/1e120f96477763896a9e7ab3663c076bf8b67ca32fa1a5943b70761da502a7a7?s=96&d=mm&r=g","height":96,"width":96}},"publisher":{"@type":"Organization","name":"efcz.cz","logo":{"@type":"ImageObject","@id":"\/logo.png","url":"\/logo.png","width":600,"height":60}},"image":{"@type":"ImageObject","@id":"https:\/\/www.efcz.cz\/wp-content\/uploads\/hallway-8403056_640_1.jpg","url":"https:\/\/www.efcz.cz\/wp-content\/uploads\/hallway-8403056_640_1.jpg","height":0,"width":0},"keywords":null},{"@type":"Article","@id":"https:\/\/www.efcz.cz\/proc-se-zdrzet-oblekani-podprsenky\/","headline":"Pro\u010d se zdr\u017eet obl\u00e9k\u00e1n\u00ed podprsenky","url":"https:\/\/www.efcz.cz\/proc-se-zdrzet-oblekani-podprsenky\/","datePublished":"2023-09-26","dateModified":"2024-03-20","mainEntityOfPage":"https:\/\/www.efcz.cz\/proc-se-zdrzet-oblekani-podprsenky\/","author":{"@type":"Person","@id":"https:\/\/www.efcz.cz\/author\/#Person","name":"efcz.cz\n","url":"https:\/\/www.efcz.cz\/author\/","identifier":1,"image":{"@type":"ImageObject","@id":"https:\/\/secure.gravatar.com\/avatar\/1e120f96477763896a9e7ab3663c076bf8b67ca32fa1a5943b70761da502a7a7?s=96&d=mm&r=g","url":"https:\/\/secure.gravatar.com\/avatar\/1e120f96477763896a9e7ab3663c076bf8b67ca32fa1a5943b70761da502a7a7?s=96&d=mm&r=g","height":96,"width":96}},"publisher":{"@type":"Organization","name":"efcz.cz","logo":{"@type":"ImageObject","@id":"\/logo.png","url":"\/logo.png","width":600,"height":60}},"image":{"@type":"ImageObject","@id":"https:\/\/www.efcz.cz\/wp-content\/uploads\/lingerie-4520807_640.jpg","url":"https:\/\/www.efcz.cz\/wp-content\/uploads\/lingerie-4520807_640.jpg","height":0,"width":0},"keywords":null},{"@type":"Article","@id":"https:\/\/www.efcz.cz\/v-lekarne-je-mnoho-leku\/","headline":"V l\u00e9k\u00e1rn\u011b je mnoho l\u00e9k\u016f","url":"https:\/\/www.efcz.cz\/v-lekarne-je-mnoho-leku\/","datePublished":"2023-08-27","dateModified":"2024-05-28","mainEntityOfPage":"https:\/\/www.efcz.cz\/v-lekarne-je-mnoho-leku\/","author":{"@type":"Person","@id":"https:\/\/www.efcz.cz\/author\/#Person","name":"efcz.cz\n","url":"https:\/\/www.efcz.cz\/author\/","identifier":1,"image":{"@type":"ImageObject","@id":"https:\/\/secure.gravatar.com\/avatar\/1e120f96477763896a9e7ab3663c076bf8b67ca32fa1a5943b70761da502a7a7?s=96&d=mm&r=g","url":"https:\/\/secure.gravatar.com\/avatar\/1e120f96477763896a9e7ab3663c076bf8b67ca32fa1a5943b70761da502a7a7?s=96&d=mm&r=g","height":96,"width":96}},"publisher":{"@type":"Organization","name":"efcz.cz","logo":{"@type":"ImageObject","@id":"\/logo.png","url":"\/logo.png","width":600,"height":60}},"image":{"@type":"ImageObject","@id":"https:\/\/www.efcz.cz\/wp-content\/uploads\/medications-342488_1280.jpg","url":"https:\/\/www.efcz.cz\/wp-content\/uploads\/medications-342488_1280.jpg","height":0,"width":0},"keywords":null},{"@type":"Article","@id":"https:\/\/www.efcz.cz\/libi-se-vam-u-more\/","headline":"L\u00edb\u00ed se v\u00e1m u mo\u0159e?","url":"https:\/\/www.efcz.cz\/libi-se-vam-u-more\/","datePublished":"2023-07-10","dateModified":"2023-07-10","mainEntityOfPage":"https:\/\/www.efcz.cz\/libi-se-vam-u-more\/","author":{"@type":"Person","@id":"https:\/\/www.efcz.cz\/author\/#Person","name":"efcz.cz\n","url":"https:\/\/www.efcz.cz\/author\/","identifier":1,"image":{"@type":"ImageObject","@id":"https:\/\/secure.gravatar.com\/avatar\/1e120f96477763896a9e7ab3663c076bf8b67ca32fa1a5943b70761da502a7a7?s=96&d=mm&r=g","url":"https:\/\/secure.gravatar.com\/avatar\/1e120f96477763896a9e7ab3663c076bf8b67ca32fa1a5943b70761da502a7a7?s=96&d=mm&r=g","height":96,"width":96}},"publisher":{"@type":"Organization","name":"efcz.cz","logo":{"@type":"ImageObject","@id":"\/logo.png","url":"\/logo.png","width":600,"height":60}},"image":{"@type":"ImageObject","@id":"https:\/\/www.efcz.cz\/wp-content\/uploads\/8_2.jpg","url":"https:\/\/www.efcz.cz\/wp-content\/uploads\/8_2.jpg","height":0,"width":0},"keywords":null},{"@type":"Article","@id":"https:\/\/www.efcz.cz\/kdy-si-poridit-novy-bazen-jake-rocni-obdobi-je-nejlepsi-zvolit\/","headline":"Kdy si po\u0159\u00eddit nov\u00fd baz\u00e9n? Jak\u00e9 ro\u010dn\u00ed obdob\u00ed je nejlep\u0161\u00ed zvolit?","url":"https:\/\/www.efcz.cz\/kdy-si-poridit-novy-bazen-jake-rocni-obdobi-je-nejlepsi-zvolit\/","datePublished":"2022-11-21","dateModified":"2023-04-30","mainEntityOfPage":"https:\/\/www.efcz.cz\/kdy-si-poridit-novy-bazen-jake-rocni-obdobi-je-nejlepsi-zvolit\/","author":{"@type":"Person","@id":"https:\/\/www.efcz.cz\/author\/#Person","name":"efcz.cz\n","url":"https:\/\/www.efcz.cz\/author\/","identifier":1,"image":{"@type":"ImageObject","@id":"https:\/\/secure.gravatar.com\/avatar\/1e120f96477763896a9e7ab3663c076bf8b67ca32fa1a5943b70761da502a7a7?s=96&d=mm&r=g","url":"https:\/\/secure.gravatar.com\/avatar\/1e120f96477763896a9e7ab3663c076bf8b67ca32fa1a5943b70761da502a7a7?s=96&d=mm&r=g","height":96,"width":96}},"publisher":{"@type":"Organization","name":"efcz.cz","logo":{"@type":"ImageObject","@id":"\/logo.png","url":"\/logo.png","width":600,"height":60}},"image":{"@type":"ImageObject","@id":"https:\/\/www.efcz.cz\/wp-content\/uploads\/pexels-photo-221457_3.jpeg","url":"https:\/\/www.efcz.cz\/wp-content\/uploads\/pexels-photo-221457_3.jpeg","height":0,"width":0},"keywords":null}]}