{"@context":"https:\/\/schema.org\/","@type":"CollectionPage","@id":"https:\/\/www.efcz.cz\/sluzby\/#CollectionPage","headline":"Slu\u017eby Category","description":"","url":"https:\/\/www.efcz.cz\/sluzby\/","hasPart":[{"@type":"Article","@id":"https:\/\/www.efcz.cz\/ktere-prvky-jsou-vyznamne-pro-seo-a-ktere-ne\/","headline":"Kter\u00e9 prvky jsou v\u00fdznamn\u00e9 pro SEO, a kter\u00e9 ne","url":"https:\/\/www.efcz.cz\/ktere-prvky-jsou-vyznamne-pro-seo-a-ktere-ne\/","datePublished":"2018-02-14","dateModified":"2023-04-30","mainEntityOfPage":"https:\/\/www.efcz.cz\/ktere-prvky-jsou-vyznamne-pro-seo-a-ktere-ne\/","author":{"@type":"Person","@id":"https:\/\/www.efcz.cz\/author\/#Person","name":"efcz.cz\n","url":"https:\/\/www.efcz.cz\/author\/","identifier":1,"image":{"@type":"ImageObject","@id":"https:\/\/secure.gravatar.com\/avatar\/1e120f96477763896a9e7ab3663c076bf8b67ca32fa1a5943b70761da502a7a7?s=96&d=mm&r=g","url":"https:\/\/secure.gravatar.com\/avatar\/1e120f96477763896a9e7ab3663c076bf8b67ca32fa1a5943b70761da502a7a7?s=96&d=mm&r=g","height":96,"width":96}},"publisher":{"@type":"Organization","name":"efcz.cz","logo":{"@type":"ImageObject","@id":"\/logo.png","url":"\/logo.png","width":600,"height":60}},"image":{"@type":"ImageObject","@id":"https:\/\/www.efcz.cz\/wp-content\/uploads\/img_a316625_w2117_t1527612120.jpg","url":"https:\/\/www.efcz.cz\/wp-content\/uploads\/img_a316625_w2117_t1527612120.jpg","height":0,"width":0},"keywords":null},{"@type":"Article","@id":"https:\/\/www.efcz.cz\/vanoce-by-mely-byt-svatky-klidu-a-pohody\/","headline":"V\u00e1noce by m\u011bly b\u00fdt sv\u00e1tky klidu a pohody","url":"https:\/\/www.efcz.cz\/vanoce-by-mely-byt-svatky-klidu-a-pohody\/","datePublished":"2017-11-08","dateModified":"2023-04-30","mainEntityOfPage":"https:\/\/www.efcz.cz\/vanoce-by-mely-byt-svatky-klidu-a-pohody\/","author":{"@type":"Person","@id":"https:\/\/www.efcz.cz\/author\/#Person","name":"efcz.cz\n","url":"https:\/\/www.efcz.cz\/author\/","identifier":1,"image":{"@type":"ImageObject","@id":"https:\/\/secure.gravatar.com\/avatar\/1e120f96477763896a9e7ab3663c076bf8b67ca32fa1a5943b70761da502a7a7?s=96&d=mm&r=g","url":"https:\/\/secure.gravatar.com\/avatar\/1e120f96477763896a9e7ab3663c076bf8b67ca32fa1a5943b70761da502a7a7?s=96&d=mm&r=g","height":96,"width":96}},"publisher":{"@type":"Organization","name":"efcz.cz","logo":{"@type":"ImageObject","@id":"\/logo.png","url":"\/logo.png","width":600,"height":60}},"image":{"@type":"ImageObject","@id":"https:\/\/www.efcz.cz\/wp-content\/uploads\/img_a304852_w2237_t1516099633.jpg","url":"https:\/\/www.efcz.cz\/wp-content\/uploads\/img_a304852_w2237_t1516099633.jpg","height":0,"width":0},"keywords":null},{"@type":"Article","@id":"https:\/\/www.efcz.cz\/zajimave-skolni-vylety\/","headline":"Zaj\u00edmav\u00e9 \u0161koln\u00ed v\u00fdlety","url":"https:\/\/www.efcz.cz\/zajimave-skolni-vylety\/","datePublished":"2017-07-27","dateModified":"2023-04-30","mainEntityOfPage":"https:\/\/www.efcz.cz\/zajimave-skolni-vylety\/","author":{"@type":"Person","@id":"https:\/\/www.efcz.cz\/author\/#Person","name":"efcz.cz\n","url":"https:\/\/www.efcz.cz\/author\/","identifier":1,"image":{"@type":"ImageObject","@id":"https:\/\/secure.gravatar.com\/avatar\/1e120f96477763896a9e7ab3663c076bf8b67ca32fa1a5943b70761da502a7a7?s=96&d=mm&r=g","url":"https:\/\/secure.gravatar.com\/avatar\/1e120f96477763896a9e7ab3663c076bf8b67ca32fa1a5943b70761da502a7a7?s=96&d=mm&r=g","height":96,"width":96}},"publisher":{"@type":"Organization","name":"efcz.cz","logo":{"@type":"ImageObject","@id":"\/logo.png","url":"\/logo.png","width":600,"height":60}},"image":{"@type":"ImageObject","@id":"https:\/\/www.efcz.cz\/wp-content\/uploads\/img_a293174_w2117_t1505468396.jpg","url":"https:\/\/www.efcz.cz\/wp-content\/uploads\/img_a293174_w2117_t1505468396.jpg","height":0,"width":0},"keywords":null},{"@type":"Article","@id":"https:\/\/www.efcz.cz\/montaz-klimatizace\/","headline":"Mont\u00e1\u017e klimatizace","url":"https:\/\/www.efcz.cz\/montaz-klimatizace\/","datePublished":"2017-06-24","dateModified":"2023-04-30","mainEntityOfPage":"https:\/\/www.efcz.cz\/montaz-klimatizace\/","author":{"@type":"Person","@id":"https:\/\/www.efcz.cz\/author\/#Person","name":"efcz.cz\n","url":"https:\/\/www.efcz.cz\/author\/","identifier":1,"image":{"@type":"ImageObject","@id":"https:\/\/secure.gravatar.com\/avatar\/1e120f96477763896a9e7ab3663c076bf8b67ca32fa1a5943b70761da502a7a7?s=96&d=mm&r=g","url":"https:\/\/secure.gravatar.com\/avatar\/1e120f96477763896a9e7ab3663c076bf8b67ca32fa1a5943b70761da502a7a7?s=96&d=mm&r=g","height":96,"width":96}},"publisher":{"@type":"Organization","name":"efcz.cz","logo":{"@type":"ImageObject","@id":"\/logo.png","url":"\/logo.png","width":600,"height":60}},"image":{"@type":"ImageObject","@id":"https:\/\/www.efcz.cz\/wp-content\/uploads\/img_a289234_w2117_t1500634076.jpg","url":"https:\/\/www.efcz.cz\/wp-content\/uploads\/img_a289234_w2117_t1500634076.jpg","height":0,"width":0},"keywords":null},{"@type":"Article","@id":"https:\/\/www.efcz.cz\/selvintech-zkusenosti-vam-dodaji-silu-i-odvahu-do-dalsich-dnu\/","headline":"Selvintech zku\u0161enosti v\u00e1m dodaj\u00ed s\u00edlu i odvahu do dal\u0161\u00edch dn\u016f","url":"https:\/\/www.efcz.cz\/selvintech-zkusenosti-vam-dodaji-silu-i-odvahu-do-dalsich-dnu\/","datePublished":"2017-06-13","dateModified":"2023-08-21","mainEntityOfPage":"https:\/\/www.efcz.cz\/selvintech-zkusenosti-vam-dodaji-silu-i-odvahu-do-dalsich-dnu\/","author":{"@type":"Person","@id":"https:\/\/www.efcz.cz\/author\/#Person","name":"efcz.cz\n","url":"https:\/\/www.efcz.cz\/author\/","identifier":1,"image":{"@type":"ImageObject","@id":"https:\/\/secure.gravatar.com\/avatar\/1e120f96477763896a9e7ab3663c076bf8b67ca32fa1a5943b70761da502a7a7?s=96&d=mm&r=g","url":"https:\/\/secure.gravatar.com\/avatar\/1e120f96477763896a9e7ab3663c076bf8b67ca32fa1a5943b70761da502a7a7?s=96&d=mm&r=g","height":96,"width":96}},"publisher":{"@type":"Organization","name":"efcz.cz","logo":{"@type":"ImageObject","@id":"\/logo.png","url":"\/logo.png","width":600,"height":60}},"image":{"@type":"ImageObject","@id":"https:\/\/www.efcz.cz\/wp-content\/uploads\/img_a290262_w2117_t1502443998.jpg","url":"https:\/\/www.efcz.cz\/wp-content\/uploads\/img_a290262_w2117_t1502443998.jpg","height":0,"width":0},"keywords":null}]}