[{"@context":"https:\/\/schema.org\/","@type":"Article","@id":"https:\/\/www.efcz.cz\/svetliky\/#Article","mainEntityOfPage":"https:\/\/www.efcz.cz\/svetliky\/","headline":"Sv\u011btl\u00edky","name":"Sv\u011btl\u00edky","description":"Pokud hled\u00e1te kvalitu spojenou s profesion\u00e1ln\u00edm p\u0159\u00edstupem a prac\u00ed, jste na spr\u00e1vn\u00e9 adrese. Jsme odborn\u00edky na prosv\u011btlovac\u00ed syst\u00e9my &#8211; sv\u011btl\u00edky, hydroizolaci a zateplen\u00ed, sendvi\u010dov\u00e9 panely a ocelov\u00e9 konstrukce. Vedle mo\u017enosti rekonstrukce st\u0159e\u0161n\u00edho pl\u00e1\u0161t\u011b spolu s dod\u00e1vkou sv\u011btl\u00edky r\u016fzn\u00fdch typ\u016f, bo\u010dn\u00edho opl\u00e1\u0161t\u011bn\u00ed a prosv\u011btlen\u00ed na\u0161\u00ed firmou se d\u00e1le zab\u00fdv\u00e1me kovov\u00fdrobou s mo\u017enost\u00ed v\u00fdroby ocelov\u00fdch konstrukc\u00ed. D\u00edky tomuto spojen\u00ed jsme schopni nab\u00eddnout V\u00e1m vedle rekonstrukc\u00ed i dod\u00e1vku a mont\u00e1\u017e r\u016fzn\u00fdch objekt\u016f jako jsou autosal\u00f3ny, supermarkety, v\u00fdrobn\u00ed haly, sklady apod. Zaujalo V\u00e1s to?&hellip;","datePublished":"2025-01-12","dateModified":"2025-01-12","author":{"@type":"Person","@id":"https:\/\/www.efcz.cz\/author\/#Person","name":"efcz.cz\n","url":"https:\/\/www.efcz.cz\/author\/","identifier":1,"image":{"@type":"ImageObject","@id":"https:\/\/secure.gravatar.com\/avatar\/1e120f96477763896a9e7ab3663c076bf8b67ca32fa1a5943b70761da502a7a7?s=96&d=mm&r=g","url":"https:\/\/secure.gravatar.com\/avatar\/1e120f96477763896a9e7ab3663c076bf8b67ca32fa1a5943b70761da502a7a7?s=96&d=mm&r=g","height":96,"width":96}},"publisher":{"@type":"Organization","name":"efcz.cz","logo":{"@type":"ImageObject","@id":"\/logo.png","url":"\/logo.png","width":600,"height":60}},"url":"https:\/\/www.efcz.cz\/svetliky\/","wordCount":169,"articleBody":"Pokud hled\u00e1te kvalitu spojenou s profesion\u00e1ln\u00edm p\u0159\u00edstupem a prac\u00ed, jste na spr\u00e1vn\u00e9 adrese. Jsme odborn\u00edky na prosv\u011btlovac\u00ed syst\u00e9my &#8211; sv\u011btl\u00edky, hydroizolaci a zateplen\u00ed, sendvi\u010dov\u00e9 panely a ocelov\u00e9 konstrukce.Vedle mo\u017enosti rekonstrukce st\u0159e\u0161n\u00edho pl\u00e1\u0161t\u011b spolu s dod\u00e1vkou sv\u011btl\u00edky r\u016fzn\u00fdch typ\u016f, bo\u010dn\u00edho opl\u00e1\u0161t\u011bn\u00ed a prosv\u011btlen\u00ed na\u0161\u00ed firmou se d\u00e1le zab\u00fdv\u00e1me kovov\u00fdrobou s mo\u017enost\u00ed v\u00fdroby ocelov\u00fdch konstrukc\u00ed. D\u00edky tomuto spojen\u00ed jsme schopni nab\u00eddnout V\u00e1m vedle rekonstrukc\u00ed i dod\u00e1vkua mont\u00e1\u017e r\u016fzn\u00fdch objekt\u016f jako jsou autosal\u00f3ny, supermarkety, v\u00fdrobn\u00ed haly, sklady apod.Zaujalo V\u00e1s to?Vedle klasick\u00fdch sv\u011btl\u00edk\u016f z polykarbon\u00e1tu dod\u00e1v\u00e1me i sv\u011btl\u00edky s bezpe\u010dnostn\u00edmi po\u017e\u00e1rn\u00edmi skly. Nab\u00edz\u00edme i r\u016fzn\u00e1 barevn\u00e1 proveden\u00ed jako nap\u0159. kou\u0159ov\u00e9, op\u00e1lov\u00e9 nebo transparentn\u00ed. Pop\u0159em\u00fd\u0161lejte o nab\u00eddce.                                                                                                                                                                                                                                                                                                                                                                                        4.5\/5 - (6 votes)        "},{"@context":"https:\/\/schema.org\/","@type":"BreadcrumbList","itemListElement":[{"@type":"ListItem","position":1,"name":"Sv\u011btl\u00edky","item":"https:\/\/www.efcz.cz\/svetliky\/#breadcrumbitem"}]}]