[{"@context":"https:\/\/schema.org\/","@type":"Article","@id":"https:\/\/www.efcz.cz\/varit-jednoduse-a-prakticky\/#Article","mainEntityOfPage":"https:\/\/www.efcz.cz\/varit-jednoduse-a-prakticky\/","headline":"Va\u0159it jednodu\u0161e a prakticky","name":"Va\u0159it jednodu\u0161e a prakticky","description":"V\u00fdb\u011br kuchy\u0148sk\u00e9 linky spo\u010d\u00edv\u00e1 p\u0159edev\u0161\u00edm ve volb\u011b barvy, stylu, designu a cen\u011b. V neposledn\u00ed \u0159ad\u011b by ale m\u011blo b\u00fdt um\u00edst\u011bn\u00ed jednotliv\u00fdch \u010d\u00e1st\u00ed, kter\u00e9 zajist\u00ed jednoduchou a rychlou pr\u00e1ci. V\u017edy\u0165 prakti\u010dnost pat\u0159\u00ed mezi z\u00e1kladn\u00ed stavebn\u00ed kameny ka\u017ed\u00e9 kuchyn\u011b. Jinak se hospody\u0148ka zbyte\u010dn\u011b nab\u011bh\u00e1 a bude p\u016fsobit chaoticky. A va\u0159en\u00ed v takov\u00e9 atmosf\u00e9\u0159e ji nav\u00edc nebude ani t\u011b\u0161it. Z\u00e1kladem spr\u00e1vn\u00e9ho uspo\u0159\u00e1d\u00e1n\u00ed je rozd\u011blen\u00ed kuchyn\u011b na \u010dty\u0159i pracovn\u00ed z\u00f3ny: \u00b7 Varn\u00e1 zahrnuje spor\u00e1k, troubu, mikrovlnnou troubu, varnou konvici a dal\u0161\u00ed spot\u0159ebi\u010de, kter\u00e9 se&hellip;","datePublished":"2019-11-08","dateModified":"2023-04-30","author":{"@type":"Person","@id":"https:\/\/www.efcz.cz\/author\/#Person","name":"efcz.cz\n","url":"https:\/\/www.efcz.cz\/author\/","identifier":1,"image":{"@type":"ImageObject","@id":"https:\/\/secure.gravatar.com\/avatar\/1e120f96477763896a9e7ab3663c076bf8b67ca32fa1a5943b70761da502a7a7?s=96&d=mm&r=g","url":"https:\/\/secure.gravatar.com\/avatar\/1e120f96477763896a9e7ab3663c076bf8b67ca32fa1a5943b70761da502a7a7?s=96&d=mm&r=g","height":96,"width":96}},"publisher":{"@type":"Organization","name":"efcz.cz","logo":{"@type":"ImageObject","@id":"\/logo.png","url":"\/logo.png","width":600,"height":60}},"image":{"@type":"ImageObject","@id":"https:\/\/www.efcz.cz\/wp-content\/uploads\/img_a369437_w2117_t1581588173.jpg","url":"https:\/\/www.efcz.cz\/wp-content\/uploads\/img_a369437_w2117_t1581588173.jpg","height":0,"width":0},"url":"https:\/\/www.efcz.cz\/varit-jednoduse-a-prakticky\/","about":["D\u016fm a byt"],"wordCount":442,"articleBody":"  V\u00fdb\u011br kuchy\u0148sk\u00e9 linky spo\u010d\u00edv\u00e1 p\u0159edev\u0161\u00edm ve volb\u011b barvy, stylu, designu a cen\u011b. V neposledn\u00ed \u0159ad\u011b by ale m\u011blo b\u00fdt um\u00edst\u011bn\u00ed jednotliv\u00fdch \u010d\u00e1st\u00ed, kter\u00e9 zajist\u00ed jednoduchou a rychlou pr\u00e1ci. V\u017edy\u0165 prakti\u010dnost pat\u0159\u00ed mezi z\u00e1kladn\u00ed stavebn\u00ed kameny ka\u017ed\u00e9 kuchyn\u011b. Jinak se hospody\u0148ka zbyte\u010dn\u011b nab\u011bh\u00e1 a bude p\u016fsobit chaoticky. A va\u0159en\u00ed v takov\u00e9 atmosf\u00e9\u0159e ji nav\u00edc nebude ani t\u011b\u0161it.  Z\u00e1kladem spr\u00e1vn\u00e9ho uspo\u0159\u00e1d\u00e1n\u00ed je rozd\u011blen\u00ed kuchyn\u011b na \u010dty\u0159i pracovn\u00ed z\u00f3ny: \u00b7 Varn\u00e1 zahrnuje spor\u00e1k, troubu, mikrovlnnou troubu, varnou konvici a dal\u0161\u00ed spot\u0159ebi\u010de, kter\u00e9 se pou\u017e\u00edvaj\u00ed k tepeln\u00e9 \u00faprav\u011b potravin. Za\u0159adit zde m\u016f\u017eeme i pomocn\u00edka v odvodu par \u2013 digesto\u0159. \u00b7 Myc\u00ed navazuje na varnou z\u00f3nu, pat\u0159\u00ed sem d\u0159ez \u010di odkap\u00e1va\u010d na umyt\u00e9 n\u00e1dob\u00ed. \u00b7 P\u0159\u00edpravn\u00e1 je bl\u00edzko varn\u00e9 z\u00f3ny, doch\u00e1z\u00ed zde k p\u0159\u00edprav\u011b surovin. \u00b7 Odkl\u00e1dac\u00ed b\u00fdv\u00e1 v bl\u00edzkosti skladovac\u00edch prostor a plat\u00ed zde jednoduch\u00e1 rovnice: \u010d\u00edm v\u011bt\u0161\u00ed tato plocha bude, t\u00edm l\u00e9pe. Toto rozd\u011blen\u00ed pom\u016f\u017ee v uspo\u0159\u00e1d\u00e1n\u00ed samotn\u00e9 kuchy\u0148sk\u00e9 linky, jak si ale poradit se spot\u0159ebi\u010di? Budeme vych\u00e1zet z um\u00edst\u011bn\u00ed jednotliv\u00fdch pracovn\u00edch z\u00f3n, proto\u017ee ty ur\u010duj\u00ed, kter\u00fd spot\u0159ebi\u010d do jak\u00e9 z\u00f3ny logicky (a samoz\u0159ejm\u011b tak\u00e9 prakticky) zapad\u00e1. Svou roli bude hr\u00e1t tak\u00e9 pomysln\u00fd pracovn\u00ed troj\u00faheln\u00edk tvo\u0159en\u00fd z varn\u00e9ho centra, d\u0159ezu a chladni\u010dky. V\u0161echny tyto \u010d\u00e1sti by m\u011bly b\u00fdt ve vzd\u00e1lenosti dva a\u017e t\u0159i kroky od sebe, celkov\u00fd obvod by nem\u011bl p\u0159es\u00e1hnout 6 metr\u016f. P\u0159i um\u00edst\u011bn\u00ed lednice vych\u00e1z\u00edme z toho, \u017ee se mus\u00ed d\u00e1t pohodln\u011b otev\u0159\u00edt doko\u0159\u00e1n, pro snadn\u00e9 vyjmut\u00ed poli\u010dek a celkov\u011b dobr\u00e9 dostupnosti k n\u00ed. Pro jistotu se doporu\u010duje ponechat rezervu od sk\u0159\u00edn\u011bk \u010di zdi ve vzd\u00e1lenosti alespo\u0148 5 centimetr\u016f. To umo\u017en\u00ed tak\u00e9 vyrovnanou spot\u0159ebu elektrick\u00e9 energie. Spot\u0159ebi\u010d by toti\u017e jinak vyd\u00e1val teplo, kter\u00e9 by se od sk\u0159\u00edn\u011bk \u010di zdi odr\u00e1\u017eelo zp\u00e1tky k n\u011bmu, co\u017e m\u00e1 za n\u00e1sledek p\u0159eh\u0159\u00edv\u00e1n\u00ed a tedy vy\u0161\u0161\u00ed spot\u0159ebu.  Varn\u00e1 deska by pro pohodln\u00e9 u\u017e\u00edv\u00e1n\u00ed m\u011bla b\u00fdt z obou stran obklopena odkladn\u00ed plochou. Trouba se um\u00eds\u0165uje bud pod ni nebo do tzv. technick\u00e9ho bloku. Pro dodr\u017een\u00ed pravidel prakti\u010dnosti by m\u011bla dosahovat minim\u00e1ln\u00ed v\u00fd\u0161ky 90 centimetr\u016f, maxim\u00e1ln\u00ed pak 115 centimetr\u016f.                                                                                                                                                                                                                                                                                                                                                                                          4.3\/5 - (15 votes)        "},{"@context":"https:\/\/schema.org\/","@type":"BreadcrumbList","itemListElement":[{"@type":"ListItem","position":1,"name":"Va\u0159it jednodu\u0161e a prakticky","item":"https:\/\/www.efcz.cz\/varit-jednoduse-a-prakticky\/#breadcrumbitem"}]}]