[{"@context":"https:\/\/schema.org\/","@type":"Article","@id":"https:\/\/www.efcz.cz\/vestavene-skrine-na-miru-praha\/#Article","mainEntityOfPage":"https:\/\/www.efcz.cz\/vestavene-skrine-na-miru-praha\/","headline":"Vestav\u011bn\u00e9 sk\u0159\u00edn\u011b na m\u00edru Praha","name":"Vestav\u011bn\u00e9 sk\u0159\u00edn\u011b na m\u00edru Praha","description":"Na\u0161e luxusn\u00ed a skv\u011bl\u00e9 mo\u017enosti, tak byste se m\u011bli pod\u00edvat na na\u0161e luxusn\u00ed sk\u0159\u00edn\u011b a i vy budete moci m\u00edt tohle v\u0161echno. Ur\u010dit\u011b tohle bude prost\u011b skv\u011bl\u00e9 a pros v\u00e1s naprosto ide\u00e1ln\u00ed. Te\u010f u\u017e nebudete muset \u0159e\u0161it, kam d\u00e1te v\u0161echny sv\u00e9 v\u011bci. Krom\u011b oble\u010den\u00ed do takov\u00fdch sk\u0159\u00edn\u00ed m\u016f\u017eete d\u00e1t t\u0159eba i n\u011bjak\u00e9 hr\u010dky nebo va\u0161e v\u011bci a podobn\u011b, tak\u017ee tohle v\u0161echno bude pro v\u00e1s luxusn\u00ed. Ur\u010dit\u011b to bude pro v\u00e1s skv\u011bl\u00e9 a naprosto ide\u00e1ln\u00ed. Ur\u010dit\u011b tohle bude luxusn\u00ed. Rozhodn\u011bte se&hellip;","datePublished":"2018-09-05","dateModified":"2023-04-30","author":{"@type":"Person","@id":"https:\/\/www.efcz.cz\/author\/#Person","name":"efcz.cz\n","url":"https:\/\/www.efcz.cz\/author\/","identifier":1,"image":{"@type":"ImageObject","@id":"https:\/\/secure.gravatar.com\/avatar\/1e120f96477763896a9e7ab3663c076bf8b67ca32fa1a5943b70761da502a7a7?s=96&d=mm&r=g","url":"https:\/\/secure.gravatar.com\/avatar\/1e120f96477763896a9e7ab3663c076bf8b67ca32fa1a5943b70761da502a7a7?s=96&d=mm&r=g","height":96,"width":96}},"publisher":{"@type":"Organization","name":"efcz.cz","logo":{"@type":"ImageObject","@id":"\/logo.png","url":"\/logo.png","width":600,"height":60}},"image":{"@type":"ImageObject","@id":"https:\/\/www.efcz.cz\/wp-content\/uploads\/img_a325613_w2117_t1537525866.jpg","url":"https:\/\/www.efcz.cz\/wp-content\/uploads\/img_a325613_w2117_t1537525866.jpg","height":0,"width":0},"url":"https:\/\/www.efcz.cz\/vestavene-skrine-na-miru-praha\/","about":["Zbo\u017e\u00ed"],"wordCount":434,"articleBody":"Na\u0161e luxusn\u00ed a skv\u011bl\u00e9 mo\u017enosti, tak byste se m\u011bli pod\u00edvat na na\u0161e luxusn\u00ed sk\u0159\u00edn\u011b a i vy budete moci m\u00edt tohle v\u0161echno. Ur\u010dit\u011b tohle bude prost\u011b skv\u011bl\u00e9 a pros v\u00e1s naprosto ide\u00e1ln\u00ed. Te\u010f u\u017e nebudete muset \u0159e\u0161it, kam d\u00e1te v\u0161echny sv\u00e9 v\u011bci. Krom\u011b oble\u010den\u00ed do takov\u00fdch sk\u0159\u00edn\u00ed m\u016f\u017eete d\u00e1t t\u0159eba i n\u011bjak\u00e9 hr\u010dky nebo va\u0161e v\u011bci a podobn\u011b, tak\u017ee tohle v\u0161echno bude pro v\u00e1s luxusn\u00ed. Ur\u010dit\u011b to bude pro v\u00e1s skv\u011bl\u00e9 a naprosto ide\u00e1ln\u00ed. Ur\u010dit\u011b tohle bude luxusn\u00ed. Rozhodn\u011bte se hned dneska. Na\u0161e nejvhodn\u011bj\u0161\u00ed vestav\u011bn\u00e9 sk\u0159\u00edn\u011b na m\u00edru Praha se v\u00e1m budou opravdu moc l\u00edbit. Rozhodn\u011b tohle v\u0161echno bude skv\u011bl\u00e9.  Ur\u010dit\u011b se nebojte a po\u017e\u00e1dejte o pomoc na\u0161i firmu. P\u0159ipojte se co nejrychleji k cel\u00e9 \u0159ad\u011b na\u0161ich na maximum spokojen\u00fdch klient\u016f a budete opravdu naprosto spokojen\u00ed. Ka\u017ed\u00e1 sk\u0159\u00ed\u0148 obsahuje ty\u010dku, na kterou si m\u016f\u017eete pov\u011bsit v\u011b\u0161\u00e1ky a podobn\u011b, tak\u017ee se v\u016fbec nebojte a ur\u010dit\u011b si objednejte u n\u00e1s. V\u0161echno tohle bude skv\u011bl\u00e9. Rozhodn\u011b tohle v\u0161echno dopadne dob\u0159e. Nav\u00edc my dodr\u017eujeme term\u00edny, tak\u017ee na nic nebudete muset \u010dekat a v\u0161echno bude skv\u011bl\u00e9.   Ide\u00e1ln\u00ed cena Budete naprosto spokojen\u00ed po t\u00e9to str\u00e1nce ceny. Bude to opravdu skv\u011bl\u00e9. \u010c\u00edm d\u0159\u00edve tohle ud\u011bl\u00e1te, tak t\u00edm to bude prost\u011b lep\u0161\u00ed. Nav\u00edc m\u00e1me na v\u00fdb\u011br ze sto dekor\u016f, tak\u017ee tohle v\u0161echno bude skv\u011bl\u00e9. Ud\u011blejte tohle v\u0161echno hned dneska. Vyberte si i typy sk\u0159\u00edn\u00ed podle toho, jak budete cht\u00edt. V\u0161echno bude skv\u011bl\u00e9. Nav\u00edc my budeme pro v\u00e1s opravdu skv\u011bl\u00fdm partnerem i v tom ohledu, \u017ee dodr\u017eujeme v\u0161echny term\u00edny, tak\u017ee se nebojte a rozhodn\u011bte se je\u0161t\u011b hned dneska. Tohle v\u0161echno se v\u00e1m bude opravdu moc l\u00edbit, tak\u017ee se nebojte a ud\u011blejte tohle v\u0161echno co nejrychleji a bude to pro v\u00e1s to prav\u00e9 o\u0159echov\u00e9, to si pi\u0161te, proto\u017ee my ud\u011bl\u00e1me v\u0161echno proto, aby tomu tak bylo. V\u0161echno bude prost\u011b skv\u011bl\u00e9 a luxusn\u00ed, tak\u017ee se rozhodn\u011b ni\u010deho ob\u00e1vat nemus\u00edte. Tohle v\u0161echno je pro v\u00e1s rozhodn\u011b tou nejlep\u0161\u00ed volbou, to je jasn\u00e9.                                                                                                                                                                                                                                                                                                                                                                                         4.6\/5 - (12 votes)        "},{"@context":"https:\/\/schema.org\/","@type":"BreadcrumbList","itemListElement":[{"@type":"ListItem","position":1,"name":"Vestav\u011bn\u00e9 sk\u0159\u00edn\u011b na m\u00edru Praha","item":"https:\/\/www.efcz.cz\/vestavene-skrine-na-miru-praha\/#breadcrumbitem"}]}]