[{"@context":"https:\/\/schema.org\/","@type":"Article","@id":"https:\/\/www.efcz.cz\/vyber-elektrocentraly-pro-sve-ucely\/#Article","mainEntityOfPage":"https:\/\/www.efcz.cz\/vyber-elektrocentraly-pro-sve-ucely\/","headline":"V\u00fdb\u011br elektrocentr\u00e1ly pro sv\u00e9 \u00fa\u010dely","name":"V\u00fdb\u011br elektrocentr\u00e1ly pro sv\u00e9 \u00fa\u010dely","description":"Elektrocentr\u00e1ly jsou velmi u\u017eite\u010dn\u00e9 stroje, proto\u017ee n\u00e1m zajist\u00ed v\u00fdrobu elekt\u0159iny i na nedostupn\u00fdch m\u00edstech. \u0158ekneme si, jakou si pro sv\u00e9 \u00fa\u010dely vybrat. V\u00fdb\u011br elektrocentr\u00e1ly pro sv\u00e9 \u00fa\u010dely Pot\u0159ebn\u00e9 za\u0159\u00edzen\u00ed Veden\u00ed elektrick\u00e9ho proudu je u n\u00e1s velmi hust\u00e9, tak\u017ee na n\u011bj je napojena v\u011bt\u0161ina nemovitost\u00ed k trval\u00e9mu bydlen\u00ed \u010di vykon\u00e1v\u00e1n\u00ed n\u011bjak\u00e9 pracovn\u00ed \u010dinnosti. Elekt\u0159ina je pot\u0159ebn\u00e1 v dne\u0161n\u00ed dob\u011b opravdu velmi \u010dasto, proto\u017ee poh\u00e1n\u00ed i b\u011b\u017en\u00e9 stroje a za\u0159\u00edzen\u00ed. P\u0159i takov\u00e9 stavb\u011b \u010di jin\u00e9m \u00fakonu nem\u00e1me mnohdy mo\u017enost p\u0159ij\u00edt se \u0161n\u016frou&hellip;","datePublished":"2021-06-24","dateModified":"2024-02-14","author":{"@type":"Person","@id":"https:\/\/www.efcz.cz\/author\/#Person","name":"efcz.cz\n","url":"https:\/\/www.efcz.cz\/author\/","identifier":1,"image":{"@type":"ImageObject","@id":"https:\/\/secure.gravatar.com\/avatar\/1e120f96477763896a9e7ab3663c076bf8b67ca32fa1a5943b70761da502a7a7?s=96&d=mm&r=g","url":"https:\/\/secure.gravatar.com\/avatar\/1e120f96477763896a9e7ab3663c076bf8b67ca32fa1a5943b70761da502a7a7?s=96&d=mm&r=g","height":96,"width":96}},"publisher":{"@type":"Organization","name":"efcz.cz","logo":{"@type":"ImageObject","@id":"\/logo.png","url":"\/logo.png","width":600,"height":60}},"image":{"@type":"ImageObject","@id":"https:\/\/www.efcz.cz\/wp-content\/uploads\/v%C3%BDroba%20elekt%C5%99iny_2.jpg","url":"https:\/\/www.efcz.cz\/wp-content\/uploads\/v%C3%BDroba%20elekt%C5%99iny_2.jpg","height":0,"width":0},"url":"https:\/\/www.efcz.cz\/vyber-elektrocentraly-pro-sve-ucely\/","about":["Zbo\u017e\u00ed"],"wordCount":460,"articleBody":"            Elektrocentr\u00e1ly jsou velmi u\u017eite\u010dn\u00e9 stroje, proto\u017ee n\u00e1m zajist\u00ed v\u00fdrobu elekt\u0159iny i na nedostupn\u00fdch m\u00edstech. \u0158ekneme si, jakou si pro sv\u00e9 \u00fa\u010dely vybrat. V\u00fdb\u011br elektrocentr\u00e1ly pro sv\u00e9 \u00fa\u010dely Pot\u0159ebn\u00e9 za\u0159\u00edzen\u00ed Veden\u00ed elektrick\u00e9ho proudu je u n\u00e1s velmi hust\u00e9, tak\u017ee na n\u011bj je napojena v\u011bt\u0161ina nemovitost\u00ed k trval\u00e9mu bydlen\u00ed \u010di vykon\u00e1v\u00e1n\u00ed n\u011bjak\u00e9 pracovn\u00ed \u010dinnosti. Elekt\u0159ina je pot\u0159ebn\u00e1 v dne\u0161n\u00ed dob\u011b opravdu velmi \u010dasto, proto\u017ee poh\u00e1n\u00ed i b\u011b\u017en\u00e9 stroje a za\u0159\u00edzen\u00ed. P\u0159i takov\u00e9 stavb\u011b \u010di jin\u00e9m \u00fakonu nem\u00e1me mnohdy mo\u017enost p\u0159ij\u00edt se \u0161n\u016frou a zapojit ji do z\u00e1suvky, proto\u017ee tu nem\u00e1me vlastn\u00ed rozvody elekt\u0159iny. Z tohoto d\u016fvodu se vyr\u00e1b\u00ed elektrocentr\u00e1ly, kter\u00e9 b\u011b\u017e\u00ed na benz\u00edn \u010di naftu, tak\u017ee je m\u016f\u017eeme pou\u017e\u00edvat i uprost\u0159ed ni\u010deho.   Princip je takov\u00fd, \u017ee spalovac\u00ed motor poh\u00e1n\u00ed altern\u00e1tor \u010di dynamo, tak\u017ee k provozu sta\u010d\u00ed b\u011b\u017en\u00e9 v\u011bci jako norm\u00e1ln\u00edmu motoru. Sem \u0159ad\u00edme p\u0159\u00edstup vzduchu a dostatek paliva. Nesm\u00edme podce\u0148ovat ani pravidelnou \u00fadr\u017ebu, kam pat\u0159\u00ed m\u011bnit filtry a kapaliny, kdy nejd\u016fle\u017eit\u011bj\u0161\u00ed je olej, kter\u00fd n\u00e1m zaji\u0161\u0165uje spr\u00e1vn\u00e9 maz\u00e1n\u00ed motoru. U spolehliv\u00e9ho produktu se nemus\u00edme ob\u00e1vat n\u011bjak\u00e9 poruchy, proto\u017ee vnit\u0159n\u00ed sou\u010d\u00e1stky jsou kvalitn\u00ed. Odli\u0161n\u00e9 produkty Pokud se pod\u00edv\u00e1me na v\u00fdb\u011br, tak zjist\u00edme, \u017ee v\u00fdb\u011br je opravdu slu\u0161n\u00fd. Z toho plyne, \u017ee z\u00e1le\u017e\u00ed dost na v\u00fdb\u011bru, abychom p\u0159i pou\u017e\u00edv\u00e1n\u00ed byli zcela spokojeni. Obecn\u011b plat\u00ed, \u017ee \u010d\u00edm v\u00edce p\u016fjdeme s v\u00fdkonem nahoru, tak t\u00edm v\u00edce pen\u011bz zaplat\u00edme. Ov\u0161em v\u00fdkon nesm\u00edme podcenit, proto\u017ee elektrocentr\u00e1la by nesta\u010dila. Nejprve si mus\u00edme rozmyslet, jestli chcete jednof\u00e1zovou \u010di t\u0159\u00edf\u00e1zovou. Elektrocentr\u00e1la 230V poskytuje proud jako v b\u011b\u017en\u00e9 z\u00e1suvce, tak\u017ee mnoha z\u00e1kazn\u00edk\u016fm posta\u010d\u00ed.   Kdy\u017e v\u0161ak chceme napojit m\u00edcha\u010dku, tak mus\u00edme zvolit t\u0159\u00edf\u00e1zovou, kdy z\u00e1suvka je na patici s p\u011bti kol\u00edky. Pot\u0159ebn\u00fd v\u00fdkon si m\u016f\u017eeme spo\u010d\u00edtat podle p\u0159\u00edkonu spot\u0159ebi\u010d\u016f, kdy plat\u00ed zjednodu\u0161en\u00ed p\u0159epo\u010det, \u017ee pro 1 kVA sta\u010d\u00ed pro 0,8 kW. Myslete na situaci, kdy\u017e bude zapojeno v\u00edce n\u00e1ro\u010dn\u00fdch spot\u0159ebi\u010d\u016f najednou a k tomu p\u0159ipo\u010dt\u011bte alespo\u0148 malou rezervu. Prov\u011b\u0159en\u00fdmi zna\u010dkami je t\u0159eba Honda, kdy m\u016f\u017eeme m\u00edt jistotu, \u017ee stroj bude slou\u017eit velmi dlouho.                                                                                                                                                                                                                                                                                                                                                                                          4.4\/5 - (15 votes)        "},{"@context":"https:\/\/schema.org\/","@type":"BreadcrumbList","itemListElement":[{"@type":"ListItem","position":1,"name":"V\u00fdb\u011br elektrocentr\u00e1ly pro sv\u00e9 \u00fa\u010dely","item":"https:\/\/www.efcz.cz\/vyber-elektrocentraly-pro-sve-ucely\/#breadcrumbitem"}]}]